{"id":584,"date":"2019-06-29T18:27:48","date_gmt":"2019-06-29T16:27:48","guid":{"rendered":"http:\/\/cpscas.educacion.navarra.es\/sada\/?p=584"},"modified":"2019-07-29T18:37:31","modified_gmt":"2019-07-29T16:37:31","slug":"fiesta-escolar-aibar-2019","status":"publish","type":"post","link":"https:\/\/cpscas.educacion.navarra.es\/sada\/2019\/06\/29\/fiesta-escolar-aibar-2019\/","title":{"rendered":"FIESTA ESCOLAR AIBAR 2019"},"content":{"rendered":"\n<p>Y para terminar la Fiesta Escolar. Tambi\u00e9n con el tema de la pintura.<\/p>\n\n\n\n<div class=\"wp-block-image\"><figure class=\"alignright is-resized\"><img loading=\"lazy\" src=\"https:\/\/cpscas.educacion.navarra.es\/sada\/wp-content\/uploads\/sites\/4\/2019\/07\/DSC_0763-e1564417147701-1024x708.jpg\" alt=\"\" class=\"wp-image-585\" width=\"430\" height=\"297\" srcset=\"https:\/\/cpscas.educacion.navarra.es\/sada\/wp-content\/uploads\/sites\/4\/2019\/07\/DSC_0763-e1564417147701-1024x708.jpg 1024w, https:\/\/cpscas.educacion.navarra.es\/sada\/wp-content\/uploads\/sites\/4\/2019\/07\/DSC_0763-e1564417147701-300x207.jpg 300w, https:\/\/cpscas.educacion.navarra.es\/sada\/wp-content\/uploads\/sites\/4\/2019\/07\/DSC_0763-e1564417147701-768x531.jpg 768w\" sizes=\"(max-width: 430px) 100vw, 430px\" \/><\/figure><\/div>\n\n\n\n<p>Aqui pod\u00e9is ver \u00bb La noche estrellada\u00bb , de  Vincente Van Gogh.<\/p>\n\n\n\n<p>Y si pinchais aqu\u00ed disfrutar\u00e9is con <a href=\"https:\/\/photos.google.com\/share\/AF1QipMduMas5DdweKOk3fKkzOTflSTrZdYnQ1Nj8_sF-JIiaRAQKOcvlmBpgRKPfzqmgA?key=emVlZlBRQmpXeUFWM1hxcUp3Qm9ySS14ZWZ3QndB\">las im\u00e1genes de la fiesta<\/a>.<\/p>\n\n\n\n<p>\u00a1Nos lo pasamos genial!<\/p>\n\n\n\n<p>\u00a1Hasta el curso que viene!<\/p>\n<div class=\"likebtn_container\" style=\"\"><!-- LikeBtn.com BEGIN --><span class=\"likebtn-wrapper\"  data-identifier=\"post_584\"  data-lang=\"es\"  data-style=\"\"  data-unlike_allowed=\"\"  data-show_copyright=\"\"  data-item_url=\"https:\/\/cpscas.educacion.navarra.es\/sada\/2019\/06\/29\/fiesta-escolar-aibar-2019\/\"  data-item_title=\"FIESTA ESCOLAR AIBAR 2019\"  data-item_date=\"2019-06-29T18:27:48+02:00\"  data-engine=\"WordPress\"  data-plugin_v=\"2.6.59\"  data-event_handler=\"likebtn_eh\" ><\/span><!-- LikeBtn.com END --><\/div>","protected":false},"excerpt":{"rendered":"<p>Y para terminar la Fiesta Escolar. Tambi\u00e9n con el tema de la pintura. Aqui pod\u00e9is ver \u00bb La noche estrellada\u00bb , de Vincente Van Gogh. Y si pinchais aqu\u00ed disfrutar\u00e9is con las im\u00e1genes de la fiesta. \u00a1Nos lo pasamos genial! &hellip; <a href=\"https:\/\/cpscas.educacion.navarra.es\/sada\/2019\/06\/29\/fiesta-escolar-aibar-2019\/\">Sigue leyendo <span class=\"meta-nav\">&rarr;<\/span><\/a><\/p>\n<div class=\"likebtn_container\" style=\"\"><!-- LikeBtn.com BEGIN --><span class=\"likebtn-wrapper\"  data-identifier=\"post_584\"  data-lang=\"es\"  data-style=\"\"  data-unlike_allowed=\"\"  data-show_copyright=\"\"  data-item_url=\"https:\/\/cpscas.educacion.navarra.es\/sada\/2019\/06\/29\/fiesta-escolar-aibar-2019\/\"  data-item_title=\"FIESTA ESCOLAR AIBAR 2019\"  data-item_date=\"2019-06-29T18:27:48+02:00\"  data-engine=\"WordPress\"  data-plugin_v=\"2.6.59\"  data-event_handler=\"likebtn_eh\" ><\/span><!-- LikeBtn.com END --><\/div>\n","protected":false},"author":4,"featured_media":0,"comment_status":"open","ping_status":"open","sticky":false,"template":"","format":"standard","meta":[],"categories":[1],"tags":[35,59],"_links":{"self":[{"href":"https:\/\/cpscas.educacion.navarra.es\/sada\/wp-json\/wp\/v2\/posts\/584"}],"collection":[{"href":"https:\/\/cpscas.educacion.navarra.es\/sada\/wp-json\/wp\/v2\/posts"}],"about":[{"href":"https:\/\/cpscas.educacion.navarra.es\/sada\/wp-json\/wp\/v2\/types\/post"}],"author":[{"embeddable":true,"href":"https:\/\/cpscas.educacion.navarra.es\/sada\/wp-json\/wp\/v2\/users\/4"}],"replies":[{"embeddable":true,"href":"https:\/\/cpscas.educacion.navarra.es\/sada\/wp-json\/wp\/v2\/comments?post=584"}],"version-history":[{"count":2,"href":"https:\/\/cpscas.educacion.navarra.es\/sada\/wp-json\/wp\/v2\/posts\/584\/revisions"}],"predecessor-version":[{"id":587,"href":"https:\/\/cpscas.educacion.navarra.es\/sada\/wp-json\/wp\/v2\/posts\/584\/revisions\/587"}],"wp:attachment":[{"href":"https:\/\/cpscas.educacion.navarra.es\/sada\/wp-json\/wp\/v2\/media?parent=584"}],"wp:term":[{"taxonomy":"category","embeddable":true,"href":"https:\/\/cpscas.educacion.navarra.es\/sada\/wp-json\/wp\/v2\/categories?post=584"},{"taxonomy":"post_tag","embeddable":true,"href":"https:\/\/cpscas.educacion.navarra.es\/sada\/wp-json\/wp\/v2\/tags?post=584"}],"curies":[{"name":"wp","href":"https:\/\/api.w.org\/{rel}","templated":true}]}}