{"id":462,"date":"2018-05-11T13:20:06","date_gmt":"2018-05-11T11:20:06","guid":{"rendered":"http:\/\/cpscas.educacion.navarra.es\/sada\/?p=462"},"modified":"2018-05-30T19:54:41","modified_gmt":"2018-05-30T17:54:41","slug":"el-entierro-del-conde-de-orgaz","status":"publish","type":"post","link":"https:\/\/cpscas.educacion.navarra.es\/sada\/2018\/05\/11\/el-entierro-del-conde-de-orgaz\/","title":{"rendered":"El entierro del Se\u00f1or de Orgaz"},"content":{"rendered":"<p><a href=\"http:\/\/arteparaninnos.blogspot.com.es\/2014\/04\/el-entierro-del-conde-de-orgaz-de-el.html\"><img loading=\"lazy\" class=\"alignleft wp-image-463 size-medium\" src=\"https:\/\/cpscas.educacion.navarra.es\/sada\/wp-content\/uploads\/sites\/4\/2018\/05\/El_entierro_del_se\u00f1or_de_Orgaz_-_El_Greco-225x300.jpg\" alt=\"\" width=\"225\" height=\"300\" srcset=\"https:\/\/cpscas.educacion.navarra.es\/sada\/wp-content\/uploads\/sites\/4\/2018\/05\/El_entierro_del_se\u00f1or_de_Orgaz_-_El_Greco-225x300.jpg 225w, https:\/\/cpscas.educacion.navarra.es\/sada\/wp-content\/uploads\/sites\/4\/2018\/05\/El_entierro_del_se\u00f1or_de_Orgaz_-_El_Greco-768x1024.jpg 768w, https:\/\/cpscas.educacion.navarra.es\/sada\/wp-content\/uploads\/sites\/4\/2018\/05\/El_entierro_del_se\u00f1or_de_Orgaz_-_El_Greco.jpg 1200w\" sizes=\"(max-width: 225px) 100vw, 225px\" \/><\/a>Es uno de los cuadros m\u00e1s famosos de El Greco.<\/p>\n<p>Pinchando en la imagen podr\u00e1s leer informaci\u00f3n sobre el cuadro. Algunas de las cosas ya las sabes. Otras son nuevas.<\/p>\n<p>&nbsp;<\/p>\n<div class=\"likebtn_container\" style=\"\"><!-- LikeBtn.com BEGIN --><span class=\"likebtn-wrapper\"  data-identifier=\"post_462\"  data-lang=\"es\"  data-style=\"\"  data-unlike_allowed=\"\"  data-show_copyright=\"\"  data-item_url=\"https:\/\/cpscas.educacion.navarra.es\/sada\/2018\/05\/11\/el-entierro-del-conde-de-orgaz\/\"  data-item_title=\"El entierro del Se\u00f1or de Orgaz\"  data-item_date=\"2018-05-11T13:20:06+02:00\"  data-engine=\"WordPress\"  data-plugin_v=\"2.6.59\"  data-event_handler=\"likebtn_eh\" ><\/span><!-- LikeBtn.com END --><\/div>","protected":false},"excerpt":{"rendered":"<p>Es uno de los cuadros m\u00e1s famosos de El Greco. Pinchando en la imagen podr\u00e1s leer informaci\u00f3n sobre el cuadro. Algunas de las cosas ya las sabes. Otras son nuevas. &nbsp;<\/p>\n<div class=\"likebtn_container\" style=\"\"><!-- LikeBtn.com BEGIN --><span class=\"likebtn-wrapper\"  data-identifier=\"post_462\"  data-lang=\"es\"  data-style=\"\"  data-unlike_allowed=\"\"  data-show_copyright=\"\"  data-item_url=\"https:\/\/cpscas.educacion.navarra.es\/sada\/2018\/05\/11\/el-entierro-del-conde-de-orgaz\/\"  data-item_title=\"El entierro del Se\u00f1or de Orgaz\"  data-item_date=\"2018-05-11T13:20:06+02:00\"  data-engine=\"WordPress\"  data-plugin_v=\"2.6.59\"  data-event_handler=\"likebtn_eh\" ><\/span><!-- LikeBtn.com END --><\/div>\n","protected":false},"author":4,"featured_media":0,"comment_status":"open","ping_status":"open","sticky":false,"template":"","format":"standard","meta":[],"categories":[1],"tags":[43,37,40,2],"_links":{"self":[{"href":"https:\/\/cpscas.educacion.navarra.es\/sada\/wp-json\/wp\/v2\/posts\/462"}],"collection":[{"href":"https:\/\/cpscas.educacion.navarra.es\/sada\/wp-json\/wp\/v2\/posts"}],"about":[{"href":"https:\/\/cpscas.educacion.navarra.es\/sada\/wp-json\/wp\/v2\/types\/post"}],"author":[{"embeddable":true,"href":"https:\/\/cpscas.educacion.navarra.es\/sada\/wp-json\/wp\/v2\/users\/4"}],"replies":[{"embeddable":true,"href":"https:\/\/cpscas.educacion.navarra.es\/sada\/wp-json\/wp\/v2\/comments?post=462"}],"version-history":[{"count":4,"href":"https:\/\/cpscas.educacion.navarra.es\/sada\/wp-json\/wp\/v2\/posts\/462\/revisions"}],"predecessor-version":[{"id":480,"href":"https:\/\/cpscas.educacion.navarra.es\/sada\/wp-json\/wp\/v2\/posts\/462\/revisions\/480"}],"wp:attachment":[{"href":"https:\/\/cpscas.educacion.navarra.es\/sada\/wp-json\/wp\/v2\/media?parent=462"}],"wp:term":[{"taxonomy":"category","embeddable":true,"href":"https:\/\/cpscas.educacion.navarra.es\/sada\/wp-json\/wp\/v2\/categories?post=462"},{"taxonomy":"post_tag","embeddable":true,"href":"https:\/\/cpscas.educacion.navarra.es\/sada\/wp-json\/wp\/v2\/tags?post=462"}],"curies":[{"name":"wp","href":"https:\/\/api.w.org\/{rel}","templated":true}]}}