{"id":399,"date":"2018-01-30T14:27:07","date_gmt":"2018-01-30T13:27:07","guid":{"rendered":"http:\/\/cpscas.educacion.navarra.es\/sada\/?p=399"},"modified":"2018-02-13T21:16:14","modified_gmt":"2018-02-13T20:16:14","slug":"dia-de-la-paz-y-la-no-violencia","status":"publish","type":"post","link":"https:\/\/cpscas.educacion.navarra.es\/sada\/2018\/01\/30\/dia-de-la-paz-y-la-no-violencia\/","title":{"rendered":"D\u00eda de la Paz y la No Violencia"},"content":{"rendered":"<p><a href=\"https:\/\/cpscas.educacion.navarra.es\/sada\/wp-content\/uploads\/sites\/4\/2018\/02\/20180126_145834.jpg\"><img loading=\"lazy\" class=\"alignleft size-medium wp-image-400\" src=\"https:\/\/cpscas.educacion.navarra.es\/sada\/wp-content\/uploads\/sites\/4\/2018\/02\/20180126_145834-300x180.jpg\" alt=\"\" width=\"300\" height=\"180\" srcset=\"https:\/\/cpscas.educacion.navarra.es\/sada\/wp-content\/uploads\/sites\/4\/2018\/02\/20180126_145834-300x180.jpg 300w, https:\/\/cpscas.educacion.navarra.es\/sada\/wp-content\/uploads\/sites\/4\/2018\/02\/20180126_145834-768x461.jpg 768w, https:\/\/cpscas.educacion.navarra.es\/sada\/wp-content\/uploads\/sites\/4\/2018\/02\/20180126_145834-1024x614.jpg 1024w\" sizes=\"(max-width: 300px) 100vw, 300px\" \/><\/a>Hoy, 30 de enero se celebra el D\u00eda Escolar de la Paz y la No Violencia<\/p>\n<p>Se eligi\u00f3 este d\u00eda para conmemorar el d\u00eda en que mataron a Gandhi en el a\u00f1o 1948.<\/p>\n<p>Nosotros lo recordamos en la escuela pero lo m\u00e1s importante es que intentemos ponerlo en pr\u00e1ctica en cualquier sitio.<\/p>\n<p>Este a\u00f1o hemos hecho un mural entre todos y hemos querido compartir con todo el pueblo escribiendo mensajes de paz.<\/p>\n<p>Adem\u00e1s representamos en teatro la poes\u00eda \u00bb La Paloma Mari Paz\u00bb.<\/p>\n<p><iframe loading=\"lazy\" width=\"640\" height=\"480\" src=\"https:\/\/www.youtube.com\/embed\/04gP8vxOUio?feature=oembed\" frameborder=\"0\" allow=\"autoplay; encrypted-media\" allowfullscreen><\/iframe><\/p>\n<div class=\"likebtn_container\" style=\"\"><!-- LikeBtn.com BEGIN --><span class=\"likebtn-wrapper\"  data-identifier=\"post_399\"  data-lang=\"es\"  data-style=\"\"  data-unlike_allowed=\"\"  data-show_copyright=\"\"  data-item_url=\"https:\/\/cpscas.educacion.navarra.es\/sada\/2018\/01\/30\/dia-de-la-paz-y-la-no-violencia\/\"  data-item_title=\"D\u00eda de la Paz y la No Violencia\"  data-item_date=\"2018-01-30T14:27:07+01:00\"  data-engine=\"WordPress\"  data-plugin_v=\"2.6.59\"  data-event_handler=\"likebtn_eh\" ><\/span><!-- LikeBtn.com END --><\/div>","protected":false},"excerpt":{"rendered":"<p>Hoy, 30 de enero se celebra el D\u00eda Escolar de la Paz y la No Violencia Se eligi\u00f3 este d\u00eda para conmemorar el d\u00eda en que mataron a Gandhi en el a\u00f1o 1948. Nosotros lo recordamos en la escuela pero &hellip; <a href=\"https:\/\/cpscas.educacion.navarra.es\/sada\/2018\/01\/30\/dia-de-la-paz-y-la-no-violencia\/\">Sigue leyendo <span class=\"meta-nav\">&rarr;<\/span><\/a><\/p>\n<div class=\"likebtn_container\" style=\"\"><!-- LikeBtn.com BEGIN --><span class=\"likebtn-wrapper\"  data-identifier=\"post_399\"  data-lang=\"es\"  data-style=\"\"  data-unlike_allowed=\"\"  data-show_copyright=\"\"  data-item_url=\"https:\/\/cpscas.educacion.navarra.es\/sada\/2018\/01\/30\/dia-de-la-paz-y-la-no-violencia\/\"  data-item_title=\"D\u00eda de la Paz y la No Violencia\"  data-item_date=\"2018-01-30T14:27:07+01:00\"  data-engine=\"WordPress\"  data-plugin_v=\"2.6.59\"  data-event_handler=\"likebtn_eh\" ><\/span><!-- LikeBtn.com END --><\/div>\n","protected":false},"author":4,"featured_media":0,"comment_status":"open","ping_status":"open","sticky":false,"template":"","format":"standard","meta":[],"categories":[1],"tags":[],"_links":{"self":[{"href":"https:\/\/cpscas.educacion.navarra.es\/sada\/wp-json\/wp\/v2\/posts\/399"}],"collection":[{"href":"https:\/\/cpscas.educacion.navarra.es\/sada\/wp-json\/wp\/v2\/posts"}],"about":[{"href":"https:\/\/cpscas.educacion.navarra.es\/sada\/wp-json\/wp\/v2\/types\/post"}],"author":[{"embeddable":true,"href":"https:\/\/cpscas.educacion.navarra.es\/sada\/wp-json\/wp\/v2\/users\/4"}],"replies":[{"embeddable":true,"href":"https:\/\/cpscas.educacion.navarra.es\/sada\/wp-json\/wp\/v2\/comments?post=399"}],"version-history":[{"count":3,"href":"https:\/\/cpscas.educacion.navarra.es\/sada\/wp-json\/wp\/v2\/posts\/399\/revisions"}],"predecessor-version":[{"id":409,"href":"https:\/\/cpscas.educacion.navarra.es\/sada\/wp-json\/wp\/v2\/posts\/399\/revisions\/409"}],"wp:attachment":[{"href":"https:\/\/cpscas.educacion.navarra.es\/sada\/wp-json\/wp\/v2\/media?parent=399"}],"wp:term":[{"taxonomy":"category","embeddable":true,"href":"https:\/\/cpscas.educacion.navarra.es\/sada\/wp-json\/wp\/v2\/categories?post=399"},{"taxonomy":"post_tag","embeddable":true,"href":"https:\/\/cpscas.educacion.navarra.es\/sada\/wp-json\/wp\/v2\/tags?post=399"}],"curies":[{"name":"wp","href":"https:\/\/api.w.org\/{rel}","templated":true}]}}