{"id":145,"date":"2016-01-29T14:51:58","date_gmt":"2016-01-29T13:51:58","guid":{"rendered":"http:\/\/cpscas.educacion.navarra.es\/sada\/?p=145"},"modified":"2016-02-16T14:52:53","modified_gmt":"2016-02-16T13:52:53","slug":"dia-de-la-paz","status":"publish","type":"post","link":"https:\/\/cpscas.educacion.navarra.es\/sada\/2016\/01\/29\/dia-de-la-paz\/","title":{"rendered":"D\u00eda de la Paz"},"content":{"rendered":"<p><a href=\"https:\/\/cpscas.educacion.navarra.es\/sada\/wp-content\/uploads\/sites\/4\/2016\/02\/DSC05989.jpg\"><img loading=\"lazy\" class=\"alignleft wp-image-146\" src=\"https:\/\/cpscas.educacion.navarra.es\/sada\/wp-content\/uploads\/sites\/4\/2016\/02\/DSC05989-300x169.jpg\" alt=\"DSC05989\" width=\"224\" height=\"126\" srcset=\"https:\/\/cpscas.educacion.navarra.es\/sada\/wp-content\/uploads\/sites\/4\/2016\/02\/DSC05989-300x169.jpg 300w, https:\/\/cpscas.educacion.navarra.es\/sada\/wp-content\/uploads\/sites\/4\/2016\/02\/DSC05989-768x432.jpg 768w, https:\/\/cpscas.educacion.navarra.es\/sada\/wp-content\/uploads\/sites\/4\/2016\/02\/DSC05989-1024x576.jpg 1024w, https:\/\/cpscas.educacion.navarra.es\/sada\/wp-content\/uploads\/sites\/4\/2016\/02\/DSC05989.jpg 1920w\" sizes=\"(max-width: 224px) 100vw, 224px\" \/><\/a>Aunque el d\u00eda de la Paz es ma\u00f1ana, 30 de enero, nosotros lo hemos celebrado hoy 29.<\/p>\n<p>Durante la semana hemos le\u00eddo \u00abMe llamo Paz\u00bb un libro corto pero que habla de cosas importantes. Nos gust\u00f3 leerlo. Hemos aprendido la poes\u00eda de Gloria Fuertes \u00abS\u00f3lo tres letras\u00bb y hemos hecho un trabajo de pl\u00e1stica con la paloma de Picasso.<\/p>\n<p>En este enlace pod\u00e9is ver un resumen de las\u00a0 actividades de ese d\u00eda: <a href=\"http:\/\/sada-primaria.wikispaces.com\/Dia+de+la+Paz+2016\" target=\"_blank\">D\u00eda de la Paz 2016<\/a><\/p>\n<div class=\"likebtn_container\" style=\"\"><!-- LikeBtn.com BEGIN --><span class=\"likebtn-wrapper\"  data-identifier=\"post_145\"  data-lang=\"es\"  data-style=\"\"  data-unlike_allowed=\"\"  data-show_copyright=\"\"  data-item_url=\"https:\/\/cpscas.educacion.navarra.es\/sada\/2016\/01\/29\/dia-de-la-paz\/\"  data-item_title=\"D\u00eda de la Paz\"  data-item_date=\"2016-01-29T14:51:58+01:00\"  data-engine=\"WordPress\"  data-plugin_v=\"2.6.59\"  data-event_handler=\"likebtn_eh\" ><\/span><!-- LikeBtn.com END --><\/div>","protected":false},"excerpt":{"rendered":"<p>Aunque el d\u00eda de la Paz es ma\u00f1ana, 30 de enero, nosotros lo hemos celebrado hoy 29. Durante la semana hemos le\u00eddo \u00abMe llamo Paz\u00bb un libro corto pero que habla de cosas importantes. Nos gust\u00f3 leerlo. Hemos aprendido la &hellip; <a href=\"https:\/\/cpscas.educacion.navarra.es\/sada\/2016\/01\/29\/dia-de-la-paz\/\">Sigue leyendo <span class=\"meta-nav\">&rarr;<\/span><\/a><\/p>\n<div class=\"likebtn_container\" style=\"\"><!-- LikeBtn.com BEGIN --><span class=\"likebtn-wrapper\"  data-identifier=\"post_145\"  data-lang=\"es\"  data-style=\"\"  data-unlike_allowed=\"\"  data-show_copyright=\"\"  data-item_url=\"https:\/\/cpscas.educacion.navarra.es\/sada\/2016\/01\/29\/dia-de-la-paz\/\"  data-item_title=\"D\u00eda de la Paz\"  data-item_date=\"2016-01-29T14:51:58+01:00\"  data-engine=\"WordPress\"  data-plugin_v=\"2.6.59\"  data-event_handler=\"likebtn_eh\" ><\/span><!-- LikeBtn.com END --><\/div>\n","protected":false},"author":4,"featured_media":0,"comment_status":"open","ping_status":"open","sticky":false,"template":"","format":"standard","meta":[],"categories":[1],"tags":[12,2,4],"_links":{"self":[{"href":"https:\/\/cpscas.educacion.navarra.es\/sada\/wp-json\/wp\/v2\/posts\/145"}],"collection":[{"href":"https:\/\/cpscas.educacion.navarra.es\/sada\/wp-json\/wp\/v2\/posts"}],"about":[{"href":"https:\/\/cpscas.educacion.navarra.es\/sada\/wp-json\/wp\/v2\/types\/post"}],"author":[{"embeddable":true,"href":"https:\/\/cpscas.educacion.navarra.es\/sada\/wp-json\/wp\/v2\/users\/4"}],"replies":[{"embeddable":true,"href":"https:\/\/cpscas.educacion.navarra.es\/sada\/wp-json\/wp\/v2\/comments?post=145"}],"version-history":[{"count":1,"href":"https:\/\/cpscas.educacion.navarra.es\/sada\/wp-json\/wp\/v2\/posts\/145\/revisions"}],"predecessor-version":[{"id":147,"href":"https:\/\/cpscas.educacion.navarra.es\/sada\/wp-json\/wp\/v2\/posts\/145\/revisions\/147"}],"wp:attachment":[{"href":"https:\/\/cpscas.educacion.navarra.es\/sada\/wp-json\/wp\/v2\/media?parent=145"}],"wp:term":[{"taxonomy":"category","embeddable":true,"href":"https:\/\/cpscas.educacion.navarra.es\/sada\/wp-json\/wp\/v2\/categories?post=145"},{"taxonomy":"post_tag","embeddable":true,"href":"https:\/\/cpscas.educacion.navarra.es\/sada\/wp-json\/wp\/v2\/tags?post=145"}],"curies":[{"name":"wp","href":"https:\/\/api.w.org\/{rel}","templated":true}]}}