{"id":576,"date":"2017-09-21T11:56:26","date_gmt":"2017-09-21T11:56:26","guid":{"rendered":"http:\/\/cpscas.educacion.navarra.es\/casedainfantil\/?p=576"},"modified":"2017-09-21T11:56:26","modified_gmt":"2017-09-21T11:56:26","slug":"ya-tenemos-torico-de-fuego","status":"publish","type":"post","link":"https:\/\/cpscas.educacion.navarra.es\/casedainfantil\/2017\/09\/21\/ya-tenemos-torico-de-fuego\/","title":{"rendered":"\u00a1YA TENEMOS TORICO DE FUEGO!"},"content":{"rendered":"<h1>EST\u00c1BAMOS HASTA EL MO\u00d1O DE NO PODER JUGAR CON UN TORICO QUE NO NOS HICIERA DA\u00d1O&#8230;. AS\u00cd QUE NOS LO HEMOS HECHO EN EL COLE.<\/h1>\n<h1>NOS HA QUEDADO FENOMENAL!!!!!<\/h1>\n<p><a href=\"https:\/\/cpscas.educacion.navarra.es\/casedainfantil\/wp-content\/uploads\/sites\/7\/2017\/09\/GEDC5143.jpg\"><img loading=\"lazy\" class=\"size-medium wp-image-577 aligncenter\" src=\"https:\/\/cpscas.educacion.navarra.es\/casedainfantil\/wp-content\/uploads\/sites\/7\/2017\/09\/GEDC5143-300x225.jpg\" alt=\"\" width=\"300\" height=\"225\" srcset=\"https:\/\/cpscas.educacion.navarra.es\/casedainfantil\/wp-content\/uploads\/sites\/7\/2017\/09\/GEDC5143-300x225.jpg 300w, https:\/\/cpscas.educacion.navarra.es\/casedainfantil\/wp-content\/uploads\/sites\/7\/2017\/09\/GEDC5143.jpg 448w\" sizes=\"(max-width: 300px) 100vw, 300px\" \/><\/a><\/p>\n<div class=\"likebtn_container\" style=\"\"><!-- LikeBtn.com BEGIN --><span class=\"likebtn-wrapper\"  data-identifier=\"post_576\"  data-lang=\"es\"  data-style=\"\"  data-unlike_allowed=\"\"  data-show_copyright=\"\"  data-item_url=\"https:\/\/cpscas.educacion.navarra.es\/casedainfantil\/2017\/09\/21\/ya-tenemos-torico-de-fuego\/\"  data-item_title=\"\u00a1YA TENEMOS TORICO DE FUEGO!\"  data-item_date=\"2017-09-21T11:56:26+00:00\"  data-engine=\"WordPress\"  data-plugin_v=\"2.6.59\"  data-event_handler=\"likebtn_eh\" ><\/span><!-- LikeBtn.com END --><\/div>","protected":false},"excerpt":{"rendered":"<p>EST\u00c1BAMOS HASTA EL MO\u00d1O DE NO PODER JUGAR CON UN TORICO QUE NO NOS HICIERA DA\u00d1O&#8230;. AS\u00cd QUE NOS LO HEMOS HECHO EN EL COLE. NOS HA QUEDADO FENOMENAL!!!!!<\/p>\n<div class=\"likebtn_container\" style=\"\"><!-- LikeBtn.com BEGIN --><span class=\"likebtn-wrapper\"  data-identifier=\"post_576\"  data-lang=\"es\"  data-style=\"\"  data-unlike_allowed=\"\"  data-show_copyright=\"\"  data-item_url=\"https:\/\/cpscas.educacion.navarra.es\/casedainfantil\/2017\/09\/21\/ya-tenemos-torico-de-fuego\/\"  data-item_title=\"\u00a1YA TENEMOS TORICO DE FUEGO!\"  data-item_date=\"2017-09-21T11:56:26+00:00\"  data-engine=\"WordPress\"  data-plugin_v=\"2.6.59\"  data-event_handler=\"likebtn_eh\" ><\/span><!-- LikeBtn.com END --><\/div>\n","protected":false},"author":7,"featured_media":0,"comment_status":"open","ping_status":"open","sticky":false,"template":"","format":"standard","meta":[],"categories":[3,2],"tags":[],"_links":{"self":[{"href":"https:\/\/cpscas.educacion.navarra.es\/casedainfantil\/wp-json\/wp\/v2\/posts\/576"}],"collection":[{"href":"https:\/\/cpscas.educacion.navarra.es\/casedainfantil\/wp-json\/wp\/v2\/posts"}],"about":[{"href":"https:\/\/cpscas.educacion.navarra.es\/casedainfantil\/wp-json\/wp\/v2\/types\/post"}],"author":[{"embeddable":true,"href":"https:\/\/cpscas.educacion.navarra.es\/casedainfantil\/wp-json\/wp\/v2\/users\/7"}],"replies":[{"embeddable":true,"href":"https:\/\/cpscas.educacion.navarra.es\/casedainfantil\/wp-json\/wp\/v2\/comments?post=576"}],"version-history":[{"count":1,"href":"https:\/\/cpscas.educacion.navarra.es\/casedainfantil\/wp-json\/wp\/v2\/posts\/576\/revisions"}],"predecessor-version":[{"id":578,"href":"https:\/\/cpscas.educacion.navarra.es\/casedainfantil\/wp-json\/wp\/v2\/posts\/576\/revisions\/578"}],"wp:attachment":[{"href":"https:\/\/cpscas.educacion.navarra.es\/casedainfantil\/wp-json\/wp\/v2\/media?parent=576"}],"wp:term":[{"taxonomy":"category","embeddable":true,"href":"https:\/\/cpscas.educacion.navarra.es\/casedainfantil\/wp-json\/wp\/v2\/categories?post=576"},{"taxonomy":"post_tag","embeddable":true,"href":"https:\/\/cpscas.educacion.navarra.es\/casedainfantil\/wp-json\/wp\/v2\/tags?post=576"}],"curies":[{"name":"wp","href":"https:\/\/api.w.org\/{rel}","templated":true}]}}