{"id":1596,"date":"2021-04-17T08:25:30","date_gmt":"2021-04-17T08:25:30","guid":{"rendered":"http:\/\/cpscas.educacion.navarra.es\/casedainfantil\/?p=1596"},"modified":"2021-04-19T06:43:10","modified_gmt":"2021-04-19T06:43:10","slug":"taller-botellas-de-la-calma","status":"publish","type":"post","link":"https:\/\/cpscas.educacion.navarra.es\/casedainfantil\/2021\/04\/17\/taller-botellas-de-la-calma\/","title":{"rendered":"TALLER BOTELLAS DE LA CALMA"},"content":{"rendered":"\n<p>Esta semana hemos hecho nuestras propias botellas sensoriales. <\/p>\n\n\n\n<p>Las botellas sensoriales son un material que provocan diferentes sensaciones al moverlas. Ayudan a desarrollar la atenci\u00f3n cuando tratan de seguir un objeto por el agua; son una herramienta para trabajar los movimientos de las manos y brazos y adem\u00e1s son excelentes para la relajaci\u00f3n. <br \/>Podemos trabajar las respiraciones el ritmo que vamos girando nuestra botella, as\u00ed ayudamos a calmarnos en situaciones de nervios\u00edsimo o estr\u00e9s.  <br \/>Hemos utilizado pompones, purpurina, gomitas\u2026 A\u00f1adimos agua, un poco de colorante y la magia est\u00e1 lista.<\/p>\n\n\n\n<figure class=\"wp-block-gallery columns-3 is-cropped\"><ul class=\"blocks-gallery-grid\"><li class=\"blocks-gallery-item\"><figure><a href=\"https:\/\/cpscas.educacion.navarra.es\/casedainfantil\/wp-content\/uploads\/sites\/7\/2021\/04\/174045EB-09AE-455E-8F33-8A7BEFCBA9B8-768x1024.jpeg\"><img loading=\"lazy\" width=\"768\" height=\"1024\" src=\"https:\/\/cpscas.educacion.navarra.es\/casedainfantil\/wp-content\/uploads\/sites\/7\/2021\/04\/174045EB-09AE-455E-8F33-8A7BEFCBA9B8-768x1024.jpeg\" alt=\"\" data-id=\"1599\" data-link=\"https:\/\/cpscas.educacion.navarra.es\/casedainfantil\/?attachment_id=1599\" class=\"wp-image-1599\" srcset=\"https:\/\/cpscas.educacion.navarra.es\/casedainfantil\/wp-content\/uploads\/sites\/7\/2021\/04\/174045EB-09AE-455E-8F33-8A7BEFCBA9B8-768x1024.jpeg 768w, https:\/\/cpscas.educacion.navarra.es\/casedainfantil\/wp-content\/uploads\/sites\/7\/2021\/04\/174045EB-09AE-455E-8F33-8A7BEFCBA9B8-225x300.jpeg 225w, https:\/\/cpscas.educacion.navarra.es\/casedainfantil\/wp-content\/uploads\/sites\/7\/2021\/04\/174045EB-09AE-455E-8F33-8A7BEFCBA9B8-1152x1536.jpeg 1152w, https:\/\/cpscas.educacion.navarra.es\/casedainfantil\/wp-content\/uploads\/sites\/7\/2021\/04\/174045EB-09AE-455E-8F33-8A7BEFCBA9B8-1536x2048.jpeg 1536w, https:\/\/cpscas.educacion.navarra.es\/casedainfantil\/wp-content\/uploads\/sites\/7\/2021\/04\/174045EB-09AE-455E-8F33-8A7BEFCBA9B8-750x1000.jpeg 750w, https:\/\/cpscas.educacion.navarra.es\/casedainfantil\/wp-content\/uploads\/sites\/7\/2021\/04\/174045EB-09AE-455E-8F33-8A7BEFCBA9B8-scaled.jpeg 1920w\" sizes=\"(max-width: 768px) 100vw, 768px\" \/><\/a><\/figure><\/li><li class=\"blocks-gallery-item\"><figure><a href=\"https:\/\/cpscas.educacion.navarra.es\/casedainfantil\/wp-content\/uploads\/sites\/7\/2021\/04\/824BD62C-B8EC-416F-A0F0-B2EAC9667500-768x1024.jpeg\"><img loading=\"lazy\" width=\"768\" height=\"1024\" src=\"https:\/\/cpscas.educacion.navarra.es\/casedainfantil\/wp-content\/uploads\/sites\/7\/2021\/04\/824BD62C-B8EC-416F-A0F0-B2EAC9667500-768x1024.jpeg\" alt=\"\" data-id=\"1600\" data-link=\"https:\/\/cpscas.educacion.navarra.es\/casedainfantil\/?attachment_id=1600\" class=\"wp-image-1600\" srcset=\"https:\/\/cpscas.educacion.navarra.es\/casedainfantil\/wp-content\/uploads\/sites\/7\/2021\/04\/824BD62C-B8EC-416F-A0F0-B2EAC9667500-768x1024.jpeg 768w, https:\/\/cpscas.educacion.navarra.es\/casedainfantil\/wp-content\/uploads\/sites\/7\/2021\/04\/824BD62C-B8EC-416F-A0F0-B2EAC9667500-225x300.jpeg 225w, https:\/\/cpscas.educacion.navarra.es\/casedainfantil\/wp-content\/uploads\/sites\/7\/2021\/04\/824BD62C-B8EC-416F-A0F0-B2EAC9667500-1152x1536.jpeg 1152w, https:\/\/cpscas.educacion.navarra.es\/casedainfantil\/wp-content\/uploads\/sites\/7\/2021\/04\/824BD62C-B8EC-416F-A0F0-B2EAC9667500-1536x2048.jpeg 1536w, https:\/\/cpscas.educacion.navarra.es\/casedainfantil\/wp-content\/uploads\/sites\/7\/2021\/04\/824BD62C-B8EC-416F-A0F0-B2EAC9667500-750x1000.jpeg 750w, https:\/\/cpscas.educacion.navarra.es\/casedainfantil\/wp-content\/uploads\/sites\/7\/2021\/04\/824BD62C-B8EC-416F-A0F0-B2EAC9667500-scaled.jpeg 1920w\" sizes=\"(max-width: 768px) 100vw, 768px\" \/><\/a><\/figure><\/li><li class=\"blocks-gallery-item\"><figure><a href=\"https:\/\/cpscas.educacion.navarra.es\/casedainfantil\/wp-content\/uploads\/sites\/7\/2021\/04\/4FF730C3-729B-4C71-B2E0-4DF0C6DD2019-768x1024.jpeg\"><img loading=\"lazy\" width=\"768\" height=\"1024\" src=\"https:\/\/cpscas.educacion.navarra.es\/casedainfantil\/wp-content\/uploads\/sites\/7\/2021\/04\/4FF730C3-729B-4C71-B2E0-4DF0C6DD2019-768x1024.jpeg\" alt=\"\" data-id=\"1601\" data-link=\"https:\/\/cpscas.educacion.navarra.es\/casedainfantil\/?attachment_id=1601\" class=\"wp-image-1601\" srcset=\"https:\/\/cpscas.educacion.navarra.es\/casedainfantil\/wp-content\/uploads\/sites\/7\/2021\/04\/4FF730C3-729B-4C71-B2E0-4DF0C6DD2019-768x1024.jpeg 768w, https:\/\/cpscas.educacion.navarra.es\/casedainfantil\/wp-content\/uploads\/sites\/7\/2021\/04\/4FF730C3-729B-4C71-B2E0-4DF0C6DD2019-225x300.jpeg 225w, https:\/\/cpscas.educacion.navarra.es\/casedainfantil\/wp-content\/uploads\/sites\/7\/2021\/04\/4FF730C3-729B-4C71-B2E0-4DF0C6DD2019-1152x1536.jpeg 1152w, https:\/\/cpscas.educacion.navarra.es\/casedainfantil\/wp-content\/uploads\/sites\/7\/2021\/04\/4FF730C3-729B-4C71-B2E0-4DF0C6DD2019-1536x2048.jpeg 1536w, https:\/\/cpscas.educacion.navarra.es\/casedainfantil\/wp-content\/uploads\/sites\/7\/2021\/04\/4FF730C3-729B-4C71-B2E0-4DF0C6DD2019-750x1000.jpeg 750w, https:\/\/cpscas.educacion.navarra.es\/casedainfantil\/wp-content\/uploads\/sites\/7\/2021\/04\/4FF730C3-729B-4C71-B2E0-4DF0C6DD2019-scaled.jpeg 1920w\" sizes=\"(max-width: 768px) 100vw, 768px\" \/><\/a><\/figure><\/li><li class=\"blocks-gallery-item\"><figure><a href=\"https:\/\/cpscas.educacion.navarra.es\/casedainfantil\/wp-content\/uploads\/sites\/7\/2021\/04\/11F0C7DF-864A-49FB-8339-D5F6EA9A9761-scaled.jpeg\"><img loading=\"lazy\" width=\"768\" height=\"1024\" src=\"https:\/\/cpscas.educacion.navarra.es\/casedainfantil\/wp-content\/uploads\/sites\/7\/2021\/04\/11F0C7DF-864A-49FB-8339-D5F6EA9A9761-768x1024.jpeg\" alt=\"\" data-id=\"1603\" data-full-url=\"https:\/\/cpscas.educacion.navarra.es\/casedainfantil\/wp-content\/uploads\/sites\/7\/2021\/04\/11F0C7DF-864A-49FB-8339-D5F6EA9A9761-scaled.jpeg\" data-link=\"https:\/\/cpscas.educacion.navarra.es\/casedainfantil\/2021\/04\/17\/taller-botellas-de-la-calma\/11f0c7df-864a-49fb-8339-d5f6ea9a9761\/\" class=\"wp-image-1603\" srcset=\"https:\/\/cpscas.educacion.navarra.es\/casedainfantil\/wp-content\/uploads\/sites\/7\/2021\/04\/11F0C7DF-864A-49FB-8339-D5F6EA9A9761-768x1024.jpeg 768w, https:\/\/cpscas.educacion.navarra.es\/casedainfantil\/wp-content\/uploads\/sites\/7\/2021\/04\/11F0C7DF-864A-49FB-8339-D5F6EA9A9761-225x300.jpeg 225w, https:\/\/cpscas.educacion.navarra.es\/casedainfantil\/wp-content\/uploads\/sites\/7\/2021\/04\/11F0C7DF-864A-49FB-8339-D5F6EA9A9761-1152x1536.jpeg 1152w, https:\/\/cpscas.educacion.navarra.es\/casedainfantil\/wp-content\/uploads\/sites\/7\/2021\/04\/11F0C7DF-864A-49FB-8339-D5F6EA9A9761-1536x2048.jpeg 1536w, https:\/\/cpscas.educacion.navarra.es\/casedainfantil\/wp-content\/uploads\/sites\/7\/2021\/04\/11F0C7DF-864A-49FB-8339-D5F6EA9A9761-750x1000.jpeg 750w, https:\/\/cpscas.educacion.navarra.es\/casedainfantil\/wp-content\/uploads\/sites\/7\/2021\/04\/11F0C7DF-864A-49FB-8339-D5F6EA9A9761-scaled.jpeg 1920w\" sizes=\"(max-width: 768px) 100vw, 768px\" \/><\/a><\/figure><\/li><\/ul><\/figure>\n\n\n\n<figure class=\"wp-block-image size-large is-resized\"><a href=\"https:\/\/cpscas.educacion.navarra.es\/casedainfantil\/wp-content\/uploads\/sites\/7\/2021\/04\/17FD965F-5545-4263-A6FF-DFA75D085952.jpeg\"><img loading=\"lazy\" src=\"https:\/\/cpscas.educacion.navarra.es\/casedainfantil\/wp-content\/uploads\/sites\/7\/2021\/04\/17FD965F-5545-4263-A6FF-DFA75D085952-edited-1.jpeg\" alt=\"\" class=\"wp-image-1606\" width=\"236\" height=\"560\" srcset=\"https:\/\/cpscas.educacion.navarra.es\/casedainfantil\/wp-content\/uploads\/sites\/7\/2021\/04\/17FD965F-5545-4263-A6FF-DFA75D085952-edited-1.jpeg 270w, https:\/\/cpscas.educacion.navarra.es\/casedainfantil\/wp-content\/uploads\/sites\/7\/2021\/04\/17FD965F-5545-4263-A6FF-DFA75D085952-edited-1-127x300.jpeg 127w\" sizes=\"(max-width: 236px) 100vw, 236px\" \/><\/a><\/figure>\n\n\n\n<p><\/p>\n<div class=\"likebtn_container\" style=\"\"><!-- LikeBtn.com BEGIN --><span class=\"likebtn-wrapper\"  data-identifier=\"post_1596\"  data-lang=\"es\"  data-style=\"\"  data-unlike_allowed=\"\"  data-show_copyright=\"\"  data-item_url=\"https:\/\/cpscas.educacion.navarra.es\/casedainfantil\/2021\/04\/17\/taller-botellas-de-la-calma\/\"  data-item_title=\"TALLER BOTELLAS DE LA CALMA\"  data-item_date=\"2021-04-17T08:25:30+00:00\"  data-engine=\"WordPress\"  data-plugin_v=\"2.6.59\"  data-event_handler=\"likebtn_eh\" ><\/span><!-- LikeBtn.com END --><\/div>","protected":false},"excerpt":{"rendered":"<p>Esta semana hemos hecho nuestras propias botellas sensoriales. Las botellas sensoriales son un material que provocan diferentes sensaciones al moverlas. Ayudan a desarrollar la atenci\u00f3n cuando tratan de seguir un objeto por el agua; son una herramienta para trabajar los movimientos de las manos y brazos y adem\u00e1s son excelentes para la relajaci\u00f3n. Podemos trabajar &hellip; <\/p>\n<p><a class=\"more-link btn\" href=\"https:\/\/cpscas.educacion.navarra.es\/casedainfantil\/2021\/04\/17\/taller-botellas-de-la-calma\/\">Continue reading<\/a><\/p>\n<div class=\"likebtn_container\" style=\"\"><!-- LikeBtn.com BEGIN --><span class=\"likebtn-wrapper\"  data-identifier=\"post_1596\"  data-lang=\"es\"  data-style=\"\"  data-unlike_allowed=\"\"  data-show_copyright=\"\"  data-item_url=\"https:\/\/cpscas.educacion.navarra.es\/casedainfantil\/2021\/04\/17\/taller-botellas-de-la-calma\/\"  data-item_title=\"TALLER BOTELLAS DE LA CALMA\"  data-item_date=\"2021-04-17T08:25:30+00:00\"  data-engine=\"WordPress\"  data-plugin_v=\"2.6.59\"  data-event_handler=\"likebtn_eh\" ><\/span><!-- LikeBtn.com END --><\/div>\n","protected":false},"author":7,"featured_media":0,"comment_status":"open","ping_status":"open","sticky":false,"template":"","format":"standard","meta":[],"categories":[1],"tags":[],"_links":{"self":[{"href":"https:\/\/cpscas.educacion.navarra.es\/casedainfantil\/wp-json\/wp\/v2\/posts\/1596"}],"collection":[{"href":"https:\/\/cpscas.educacion.navarra.es\/casedainfantil\/wp-json\/wp\/v2\/posts"}],"about":[{"href":"https:\/\/cpscas.educacion.navarra.es\/casedainfantil\/wp-json\/wp\/v2\/types\/post"}],"author":[{"embeddable":true,"href":"https:\/\/cpscas.educacion.navarra.es\/casedainfantil\/wp-json\/wp\/v2\/users\/7"}],"replies":[{"embeddable":true,"href":"https:\/\/cpscas.educacion.navarra.es\/casedainfantil\/wp-json\/wp\/v2\/comments?post=1596"}],"version-history":[{"count":4,"href":"https:\/\/cpscas.educacion.navarra.es\/casedainfantil\/wp-json\/wp\/v2\/posts\/1596\/revisions"}],"predecessor-version":[{"id":1609,"href":"https:\/\/cpscas.educacion.navarra.es\/casedainfantil\/wp-json\/wp\/v2\/posts\/1596\/revisions\/1609"}],"wp:attachment":[{"href":"https:\/\/cpscas.educacion.navarra.es\/casedainfantil\/wp-json\/wp\/v2\/media?parent=1596"}],"wp:term":[{"taxonomy":"category","embeddable":true,"href":"https:\/\/cpscas.educacion.navarra.es\/casedainfantil\/wp-json\/wp\/v2\/categories?post=1596"},{"taxonomy":"post_tag","embeddable":true,"href":"https:\/\/cpscas.educacion.navarra.es\/casedainfantil\/wp-json\/wp\/v2\/tags?post=1596"}],"curies":[{"name":"wp","href":"https:\/\/api.w.org\/{rel}","templated":true}]}}