{"id":1543,"date":"2021-02-18T19:01:41","date_gmt":"2021-02-18T19:01:41","guid":{"rendered":"http:\/\/cpscas.educacion.navarra.es\/casedainfantil\/?p=1543"},"modified":"2021-02-18T19:04:59","modified_gmt":"2021-02-18T19:04:59","slug":"nuestros-carnavales","status":"publish","type":"post","link":"https:\/\/cpscas.educacion.navarra.es\/casedainfantil\/2021\/02\/18\/nuestros-carnavales\/","title":{"rendered":"NUESTROS CARNAVALES"},"content":{"rendered":"\n<p class=\"has-larger-font-size\">ESTE A\u00d1O NUESTROS CARNAVALES EST\u00c1N DEDICADOS A LOS MEDIOS DE COMUNICACI\u00d3N.<\/p>\n\n\n\n<p style=\"font-size:30px\"><a href=\"https:\/\/photos.app.goo.gl\/SN5S5GZPKQonSh4v6\">\u00a1AQU\u00cd ESTAMOS LOS PREGONADORES!<\/a><\/p>\n\n\n\n<div class=\"wp-block-image\"><figure class=\"alignleft size-large\"><a href=\"https:\/\/cpscas.educacion.navarra.es\/casedainfantil\/wp-content\/uploads\/sites\/7\/2021\/02\/GEDC8916_410x307-e1613674423478.jpg\"><img loading=\"lazy\" width=\"340\" height=\"274\" src=\"https:\/\/cpscas.educacion.navarra.es\/casedainfantil\/wp-content\/uploads\/sites\/7\/2021\/02\/GEDC8916_410x307-e1613674423478.jpg\" alt=\"\" class=\"wp-image-1542\" srcset=\"https:\/\/cpscas.educacion.navarra.es\/casedainfantil\/wp-content\/uploads\/sites\/7\/2021\/02\/GEDC8916_410x307-e1613674423478.jpg 340w, https:\/\/cpscas.educacion.navarra.es\/casedainfantil\/wp-content\/uploads\/sites\/7\/2021\/02\/GEDC8916_410x307-e1613674423478-300x242.jpg 300w\" sizes=\"(max-width: 340px) 100vw, 340px\" \/><\/a><\/figure><\/div>\n\n\n\n<p><\/p>\n\n\n\n<div class=\"wp-block-image\"><figure class=\"alignright size-large\"><a href=\"https:\/\/cpscas.educacion.navarra.es\/casedainfantil\/wp-content\/uploads\/sites\/7\/2021\/02\/GEDC8915_410x307-e1613674398366.jpg\"><img loading=\"lazy\" width=\"388\" height=\"213\" src=\"https:\/\/cpscas.educacion.navarra.es\/casedainfantil\/wp-content\/uploads\/sites\/7\/2021\/02\/GEDC8915_410x307-e1613674398366.jpg\" alt=\"\" class=\"wp-image-1541\" srcset=\"https:\/\/cpscas.educacion.navarra.es\/casedainfantil\/wp-content\/uploads\/sites\/7\/2021\/02\/GEDC8915_410x307-e1613674398366.jpg 388w, https:\/\/cpscas.educacion.navarra.es\/casedainfantil\/wp-content\/uploads\/sites\/7\/2021\/02\/GEDC8915_410x307-e1613674398366-300x165.jpg 300w\" sizes=\"(max-width: 388px) 100vw, 388px\" \/><\/a><\/figure><\/div>\n\n\n\n<p><\/p>\n\n\n\n<figure class=\"wp-block-embed aligncenter is-type-video is-provider-youtube wp-block-embed-youtube wp-embed-aspect-16-9 wp-has-aspect-ratio\"><div class=\"wp-block-embed__wrapper\">\n<iframe loading=\"lazy\" title=\"CARNAVAL\" width=\"750\" height=\"422\" src=\"https:\/\/www.youtube.com\/embed\/NxEljTZV9tA?feature=oembed\" frameborder=\"0\" allow=\"accelerometer; autoplay; clipboard-write; encrypted-media; gyroscope; picture-in-picture\" allowfullscreen><\/iframe>\n<\/div><figcaption><strong>UNA FIESTA ESPECIAL<\/strong><\/figcaption><\/figure>\n<div class=\"likebtn_container\" style=\"\"><!-- LikeBtn.com BEGIN --><span class=\"likebtn-wrapper\"  data-identifier=\"post_1543\"  data-lang=\"es\"  data-style=\"\"  data-unlike_allowed=\"\"  data-show_copyright=\"\"  data-item_url=\"https:\/\/cpscas.educacion.navarra.es\/casedainfantil\/2021\/02\/18\/nuestros-carnavales\/\"  data-item_title=\"NUESTROS CARNAVALES\"  data-item_date=\"2021-02-18T19:01:41+00:00\"  data-engine=\"WordPress\"  data-plugin_v=\"2.6.59\"  data-event_handler=\"likebtn_eh\" ><\/span><!-- LikeBtn.com END --><\/div>","protected":false},"excerpt":{"rendered":"<p>ESTE A\u00d1O NUESTROS CARNAVALES EST\u00c1N DEDICADOS A LOS MEDIOS DE COMUNICACI\u00d3N. \u00a1AQU\u00cd ESTAMOS LOS PREGONADORES!<\/p>\n<div class=\"likebtn_container\" style=\"\"><!-- LikeBtn.com BEGIN --><span class=\"likebtn-wrapper\"  data-identifier=\"post_1543\"  data-lang=\"es\"  data-style=\"\"  data-unlike_allowed=\"\"  data-show_copyright=\"\"  data-item_url=\"https:\/\/cpscas.educacion.navarra.es\/casedainfantil\/2021\/02\/18\/nuestros-carnavales\/\"  data-item_title=\"NUESTROS CARNAVALES\"  data-item_date=\"2021-02-18T19:01:41+00:00\"  data-engine=\"WordPress\"  data-plugin_v=\"2.6.59\"  data-event_handler=\"likebtn_eh\" ><\/span><!-- LikeBtn.com END --><\/div>\n","protected":false},"author":7,"featured_media":0,"comment_status":"open","ping_status":"open","sticky":false,"template":"","format":"standard","meta":[],"categories":[17,2],"tags":[],"_links":{"self":[{"href":"https:\/\/cpscas.educacion.navarra.es\/casedainfantil\/wp-json\/wp\/v2\/posts\/1543"}],"collection":[{"href":"https:\/\/cpscas.educacion.navarra.es\/casedainfantil\/wp-json\/wp\/v2\/posts"}],"about":[{"href":"https:\/\/cpscas.educacion.navarra.es\/casedainfantil\/wp-json\/wp\/v2\/types\/post"}],"author":[{"embeddable":true,"href":"https:\/\/cpscas.educacion.navarra.es\/casedainfantil\/wp-json\/wp\/v2\/users\/7"}],"replies":[{"embeddable":true,"href":"https:\/\/cpscas.educacion.navarra.es\/casedainfantil\/wp-json\/wp\/v2\/comments?post=1543"}],"version-history":[{"count":4,"href":"https:\/\/cpscas.educacion.navarra.es\/casedainfantil\/wp-json\/wp\/v2\/posts\/1543\/revisions"}],"predecessor-version":[{"id":1548,"href":"https:\/\/cpscas.educacion.navarra.es\/casedainfantil\/wp-json\/wp\/v2\/posts\/1543\/revisions\/1548"}],"wp:attachment":[{"href":"https:\/\/cpscas.educacion.navarra.es\/casedainfantil\/wp-json\/wp\/v2\/media?parent=1543"}],"wp:term":[{"taxonomy":"category","embeddable":true,"href":"https:\/\/cpscas.educacion.navarra.es\/casedainfantil\/wp-json\/wp\/v2\/categories?post=1543"},{"taxonomy":"post_tag","embeddable":true,"href":"https:\/\/cpscas.educacion.navarra.es\/casedainfantil\/wp-json\/wp\/v2\/tags?post=1543"}],"curies":[{"name":"wp","href":"https:\/\/api.w.org\/{rel}","templated":true}]}}