{"id":1536,"date":"2021-02-06T18:54:46","date_gmt":"2021-02-06T18:54:46","guid":{"rendered":"http:\/\/cpscas.educacion.navarra.es\/casedainfantil\/?p=1536"},"modified":"2021-02-08T09:44:15","modified_gmt":"2021-02-08T09:44:15","slug":"las-coplas-a-santa-agueda","status":"publish","type":"post","link":"https:\/\/cpscas.educacion.navarra.es\/casedainfantil\/2021\/02\/06\/las-coplas-a-santa-agueda\/","title":{"rendered":"LAS COPLAS A SANTA \u00c1GUEDA"},"content":{"rendered":"\n<p>UN A\u00d1O M\u00c1S NOS HEMOS ANIMADO Y CON NUESTROS PALOS HEMOS CANTADO LAS COPLAS A SANTA \u00c1GUEDA. CADA A\u00d1O NOS SALEN MEJOR.<\/p>\n\n\n\n<figure class=\"wp-block-image size-full\"><a href=\"https:\/\/cpscas.educacion.navarra.es\/casedainfantil\/wp-content\/uploads\/sites\/7\/2021\/02\/GEDC8895_410x307-e1612637456961.jpg\"><img loading=\"lazy\" width=\"403\" height=\"236\" src=\"https:\/\/cpscas.educacion.navarra.es\/casedainfantil\/wp-content\/uploads\/sites\/7\/2021\/02\/GEDC8895_410x307-e1612637456961.jpg\" alt=\"\" class=\"wp-image-1533\" srcset=\"https:\/\/cpscas.educacion.navarra.es\/casedainfantil\/wp-content\/uploads\/sites\/7\/2021\/02\/GEDC8895_410x307-e1612637456961.jpg 403w, https:\/\/cpscas.educacion.navarra.es\/casedainfantil\/wp-content\/uploads\/sites\/7\/2021\/02\/GEDC8895_410x307-e1612637456961-300x176.jpg 300w\" sizes=\"(max-width: 403px) 100vw, 403px\" \/><\/a><figcaption><strong>\u00bfD\u00d3NDE MIRAIS?&#8230;&#8230; ADOLFO DA LA ENTRADA<\/strong><\/figcaption><\/figure>\n\n\n\n<figure class=\"wp-block-embed aligncenter is-type-video is-provider-youtube wp-block-embed-youtube wp-embed-aspect-16-9 wp-has-aspect-ratio\"><div class=\"wp-block-embed__wrapper\">\n<iframe loading=\"lazy\" title=\"Santa Agueda 2021 2\" width=\"750\" height=\"422\" src=\"https:\/\/www.youtube.com\/embed\/p0KYj-IjclU?feature=oembed\" frameborder=\"0\" allow=\"accelerometer; autoplay; clipboard-write; encrypted-media; gyroscope; picture-in-picture\" allowfullscreen><\/iframe>\n<\/div><\/figure>\n\n\n\n<div class=\"wp-block-image\"><figure class=\"alignright size-large is-resized\"><a href=\"https:\/\/cpscas.educacion.navarra.es\/casedainfantil\/wp-content\/uploads\/sites\/7\/2021\/02\/GEDC8893_410x307-e1612637554639.jpg\"><img loading=\"lazy\" src=\"https:\/\/cpscas.educacion.navarra.es\/casedainfantil\/wp-content\/uploads\/sites\/7\/2021\/02\/GEDC8893_410x307-e1612637554639.jpg\" alt=\"\" class=\"wp-image-1531\" width=\"433\" height=\"231\"\/><\/a><figcaption><strong>PUM, PUM, PUM&#8230;&#8230;&#8230;.<\/strong><\/figcaption><\/figure><\/div>\n<div class=\"likebtn_container\" style=\"\"><!-- LikeBtn.com BEGIN --><span class=\"likebtn-wrapper\"  data-identifier=\"post_1536\"  data-lang=\"es\"  data-style=\"\"  data-unlike_allowed=\"\"  data-show_copyright=\"\"  data-item_url=\"https:\/\/cpscas.educacion.navarra.es\/casedainfantil\/2021\/02\/06\/las-coplas-a-santa-agueda\/\"  data-item_title=\"LAS COPLAS A SANTA \u00c1GUEDA\"  data-item_date=\"2021-02-06T18:54:46+00:00\"  data-engine=\"WordPress\"  data-plugin_v=\"2.6.59\"  data-event_handler=\"likebtn_eh\" ><\/span><!-- LikeBtn.com END --><\/div>","protected":false},"excerpt":{"rendered":"<p>UN A\u00d1O M\u00c1S NOS HEMOS ANIMADO Y CON NUESTROS PALOS HEMOS CANTADO LAS COPLAS A SANTA \u00c1GUEDA. CADA A\u00d1O NOS SALEN MEJOR.<\/p>\n<div class=\"likebtn_container\" style=\"\"><!-- LikeBtn.com BEGIN --><span class=\"likebtn-wrapper\"  data-identifier=\"post_1536\"  data-lang=\"es\"  data-style=\"\"  data-unlike_allowed=\"\"  data-show_copyright=\"\"  data-item_url=\"https:\/\/cpscas.educacion.navarra.es\/casedainfantil\/2021\/02\/06\/las-coplas-a-santa-agueda\/\"  data-item_title=\"LAS COPLAS A SANTA \u00c1GUEDA\"  data-item_date=\"2021-02-06T18:54:46+00:00\"  data-engine=\"WordPress\"  data-plugin_v=\"2.6.59\"  data-event_handler=\"likebtn_eh\" ><\/span><!-- LikeBtn.com END --><\/div>\n","protected":false},"author":7,"featured_media":0,"comment_status":"open","ping_status":"open","sticky":false,"template":"","format":"standard","meta":[],"categories":[17,11],"tags":[],"_links":{"self":[{"href":"https:\/\/cpscas.educacion.navarra.es\/casedainfantil\/wp-json\/wp\/v2\/posts\/1536"}],"collection":[{"href":"https:\/\/cpscas.educacion.navarra.es\/casedainfantil\/wp-json\/wp\/v2\/posts"}],"about":[{"href":"https:\/\/cpscas.educacion.navarra.es\/casedainfantil\/wp-json\/wp\/v2\/types\/post"}],"author":[{"embeddable":true,"href":"https:\/\/cpscas.educacion.navarra.es\/casedainfantil\/wp-json\/wp\/v2\/users\/7"}],"replies":[{"embeddable":true,"href":"https:\/\/cpscas.educacion.navarra.es\/casedainfantil\/wp-json\/wp\/v2\/comments?post=1536"}],"version-history":[{"count":2,"href":"https:\/\/cpscas.educacion.navarra.es\/casedainfantil\/wp-json\/wp\/v2\/posts\/1536\/revisions"}],"predecessor-version":[{"id":1539,"href":"https:\/\/cpscas.educacion.navarra.es\/casedainfantil\/wp-json\/wp\/v2\/posts\/1536\/revisions\/1539"}],"wp:attachment":[{"href":"https:\/\/cpscas.educacion.navarra.es\/casedainfantil\/wp-json\/wp\/v2\/media?parent=1536"}],"wp:term":[{"taxonomy":"category","embeddable":true,"href":"https:\/\/cpscas.educacion.navarra.es\/casedainfantil\/wp-json\/wp\/v2\/categories?post=1536"},{"taxonomy":"post_tag","embeddable":true,"href":"https:\/\/cpscas.educacion.navarra.es\/casedainfantil\/wp-json\/wp\/v2\/tags?post=1536"}],"curies":[{"name":"wp","href":"https:\/\/api.w.org\/{rel}","templated":true}]}}