{"id":962,"date":"2016-12-11T14:02:30","date_gmt":"2016-12-11T13:02:30","guid":{"rendered":"http:\/\/cpscas.educacion.navarra.es\/caseda\/?p=962"},"modified":"2016-12-11T14:02:30","modified_gmt":"2016-12-11T13:02:30","slug":"visita-a-la-residencia","status":"publish","type":"post","link":"https:\/\/cpscas.educacion.navarra.es\/caseda\/2016\/12\/11\/visita-a-la-residencia\/","title":{"rendered":"VISITA A LA RESIDENCIA"},"content":{"rendered":"<h3>El viernes por la ma\u00f1ana visitamos a los abuelos y abuelas de la <span style=\"color: #0000ff\">residencia<\/span>. Cantamos entre tod@s villancicos y les regalamos un cuadro navide\u00f1o que hicimos entre tod@s en clase. Les gust\u00f3 mucho y disfrutaron con nuestra presencia.<\/h3>\n<h3>Tambi\u00e9n ell@s nos prepararon una peque\u00f1a sorpresa&#8230;<\/h3>\n<h3>\u00a1\u00a1\u00a1Un almuerzo estupendo!!!<\/h3>\n<div id='gallery-1' class='gallery galleryid-962 gallery-columns-4 gallery-size-medium'><figure class='gallery-item'>\n\t\t\t<div class='gallery-icon landscape'>\n\t\t\t\t<a href='https:\/\/cpscas.educacion.navarra.es\/caseda\/2016\/12\/11\/visita-a-la-residencia\/visita-a-la-residencia-1\/'><img width=\"300\" height=\"169\" src=\"https:\/\/cpscas.educacion.navarra.es\/caseda\/wp-content\/uploads\/sites\/9\/2016\/12\/visita-a-la-residencia-1-300x169.jpg\" class=\"attachment-medium size-medium\" alt=\"\" loading=\"lazy\" srcset=\"https:\/\/cpscas.educacion.navarra.es\/caseda\/wp-content\/uploads\/sites\/9\/2016\/12\/visita-a-la-residencia-1-300x169.jpg 300w, https:\/\/cpscas.educacion.navarra.es\/caseda\/wp-content\/uploads\/sites\/9\/2016\/12\/visita-a-la-residencia-1-768x432.jpg 768w, https:\/\/cpscas.educacion.navarra.es\/caseda\/wp-content\/uploads\/sites\/9\/2016\/12\/visita-a-la-residencia-1.jpg 1024w\" sizes=\"(max-width: 300px) 100vw, 300px\" \/><\/a>\n\t\t\t<\/div><\/figure><figure class='gallery-item'>\n\t\t\t<div class='gallery-icon landscape'>\n\t\t\t\t<a href='https:\/\/cpscas.educacion.navarra.es\/caseda\/2016\/12\/11\/visita-a-la-residencia\/visita-a-la-residencia-2-2\/'><img width=\"300\" height=\"169\" src=\"https:\/\/cpscas.educacion.navarra.es\/caseda\/wp-content\/uploads\/sites\/9\/2016\/12\/visita-a-la-residencia-2-300x169.jpg\" class=\"attachment-medium size-medium\" alt=\"\" loading=\"lazy\" srcset=\"https:\/\/cpscas.educacion.navarra.es\/caseda\/wp-content\/uploads\/sites\/9\/2016\/12\/visita-a-la-residencia-2-300x169.jpg 300w, https:\/\/cpscas.educacion.navarra.es\/caseda\/wp-content\/uploads\/sites\/9\/2016\/12\/visita-a-la-residencia-2-768x432.jpg 768w, https:\/\/cpscas.educacion.navarra.es\/caseda\/wp-content\/uploads\/sites\/9\/2016\/12\/visita-a-la-residencia-2.jpg 1024w\" sizes=\"(max-width: 300px) 100vw, 300px\" \/><\/a>\n\t\t\t<\/div><\/figure><figure class='gallery-item'>\n\t\t\t<div class='gallery-icon landscape'>\n\t\t\t\t<a href='https:\/\/cpscas.educacion.navarra.es\/caseda\/2016\/12\/11\/visita-a-la-residencia\/visita-a-la-residencia-3\/'><img width=\"300\" height=\"169\" src=\"https:\/\/cpscas.educacion.navarra.es\/caseda\/wp-content\/uploads\/sites\/9\/2016\/12\/visita-a-la-residencia-3-300x169.jpg\" class=\"attachment-medium size-medium\" alt=\"\" loading=\"lazy\" srcset=\"https:\/\/cpscas.educacion.navarra.es\/caseda\/wp-content\/uploads\/sites\/9\/2016\/12\/visita-a-la-residencia-3-300x169.jpg 300w, https:\/\/cpscas.educacion.navarra.es\/caseda\/wp-content\/uploads\/sites\/9\/2016\/12\/visita-a-la-residencia-3-768x432.jpg 768w, https:\/\/cpscas.educacion.navarra.es\/caseda\/wp-content\/uploads\/sites\/9\/2016\/12\/visita-a-la-residencia-3.jpg 1024w\" sizes=\"(max-width: 300px) 100vw, 300px\" \/><\/a>\n\t\t\t<\/div><\/figure><figure class='gallery-item'>\n\t\t\t<div class='gallery-icon landscape'>\n\t\t\t\t<a href='https:\/\/cpscas.educacion.navarra.es\/caseda\/2016\/12\/11\/visita-a-la-residencia\/visita-a-la-residencia-4\/'><img width=\"300\" height=\"169\" src=\"https:\/\/cpscas.educacion.navarra.es\/caseda\/wp-content\/uploads\/sites\/9\/2016\/12\/visita-a-la-residencia-4-300x169.jpg\" class=\"attachment-medium size-medium\" alt=\"\" loading=\"lazy\" srcset=\"https:\/\/cpscas.educacion.navarra.es\/caseda\/wp-content\/uploads\/sites\/9\/2016\/12\/visita-a-la-residencia-4-300x169.jpg 300w, https:\/\/cpscas.educacion.navarra.es\/caseda\/wp-content\/uploads\/sites\/9\/2016\/12\/visita-a-la-residencia-4-768x432.jpg 768w, https:\/\/cpscas.educacion.navarra.es\/caseda\/wp-content\/uploads\/sites\/9\/2016\/12\/visita-a-la-residencia-4.jpg 1024w\" sizes=\"(max-width: 300px) 100vw, 300px\" \/><\/a>\n\t\t\t<\/div><\/figure><figure class='gallery-item'>\n\t\t\t<div class='gallery-icon landscape'>\n\t\t\t\t<a href='https:\/\/cpscas.educacion.navarra.es\/caseda\/2016\/12\/11\/visita-a-la-residencia\/visita-a-la-residencia-5\/'><img width=\"300\" height=\"169\" src=\"https:\/\/cpscas.educacion.navarra.es\/caseda\/wp-content\/uploads\/sites\/9\/2016\/12\/visita-a-la-residencia-5-300x169.jpg\" class=\"attachment-medium size-medium\" alt=\"\" loading=\"lazy\" srcset=\"https:\/\/cpscas.educacion.navarra.es\/caseda\/wp-content\/uploads\/sites\/9\/2016\/12\/visita-a-la-residencia-5-300x169.jpg 300w, https:\/\/cpscas.educacion.navarra.es\/caseda\/wp-content\/uploads\/sites\/9\/2016\/12\/visita-a-la-residencia-5-768x432.jpg 768w, https:\/\/cpscas.educacion.navarra.es\/caseda\/wp-content\/uploads\/sites\/9\/2016\/12\/visita-a-la-residencia-5.jpg 1024w\" sizes=\"(max-width: 300px) 100vw, 300px\" \/><\/a>\n\t\t\t<\/div><\/figure><figure class='gallery-item'>\n\t\t\t<div class='gallery-icon landscape'>\n\t\t\t\t<a href='https:\/\/cpscas.educacion.navarra.es\/caseda\/2016\/12\/11\/visita-a-la-residencia\/visita-a-la-residencia-6\/'><img width=\"300\" height=\"169\" src=\"https:\/\/cpscas.educacion.navarra.es\/caseda\/wp-content\/uploads\/sites\/9\/2016\/12\/visita-a-la-residencia-6-300x169.jpg\" class=\"attachment-medium size-medium\" alt=\"\" loading=\"lazy\" srcset=\"https:\/\/cpscas.educacion.navarra.es\/caseda\/wp-content\/uploads\/sites\/9\/2016\/12\/visita-a-la-residencia-6-300x169.jpg 300w, https:\/\/cpscas.educacion.navarra.es\/caseda\/wp-content\/uploads\/sites\/9\/2016\/12\/visita-a-la-residencia-6-768x432.jpg 768w, https:\/\/cpscas.educacion.navarra.es\/caseda\/wp-content\/uploads\/sites\/9\/2016\/12\/visita-a-la-residencia-6.jpg 1024w\" sizes=\"(max-width: 300px) 100vw, 300px\" \/><\/a>\n\t\t\t<\/div><\/figure><figure class='gallery-item'>\n\t\t\t<div class='gallery-icon landscape'>\n\t\t\t\t<a href='https:\/\/cpscas.educacion.navarra.es\/caseda\/2016\/12\/11\/visita-a-la-residencia\/visita-a-la-residencia-7\/'><img width=\"300\" height=\"169\" src=\"https:\/\/cpscas.educacion.navarra.es\/caseda\/wp-content\/uploads\/sites\/9\/2016\/12\/visita-a-la-residencia-7-300x169.jpg\" class=\"attachment-medium size-medium\" alt=\"\" loading=\"lazy\" srcset=\"https:\/\/cpscas.educacion.navarra.es\/caseda\/wp-content\/uploads\/sites\/9\/2016\/12\/visita-a-la-residencia-7-300x169.jpg 300w, https:\/\/cpscas.educacion.navarra.es\/caseda\/wp-content\/uploads\/sites\/9\/2016\/12\/visita-a-la-residencia-7-768x432.jpg 768w, https:\/\/cpscas.educacion.navarra.es\/caseda\/wp-content\/uploads\/sites\/9\/2016\/12\/visita-a-la-residencia-7.jpg 1024w\" sizes=\"(max-width: 300px) 100vw, 300px\" \/><\/a>\n\t\t\t<\/div><\/figure><figure class='gallery-item'>\n\t\t\t<div class='gallery-icon landscape'>\n\t\t\t\t<a href='https:\/\/cpscas.educacion.navarra.es\/caseda\/2016\/12\/11\/visita-a-la-residencia\/visita-a-la-residencia-8\/'><img width=\"300\" height=\"169\" src=\"https:\/\/cpscas.educacion.navarra.es\/caseda\/wp-content\/uploads\/sites\/9\/2016\/12\/visita-a-la-residencia-8-300x169.jpg\" class=\"attachment-medium size-medium\" alt=\"\" loading=\"lazy\" srcset=\"https:\/\/cpscas.educacion.navarra.es\/caseda\/wp-content\/uploads\/sites\/9\/2016\/12\/visita-a-la-residencia-8-300x169.jpg 300w, https:\/\/cpscas.educacion.navarra.es\/caseda\/wp-content\/uploads\/sites\/9\/2016\/12\/visita-a-la-residencia-8-768x432.jpg 768w, https:\/\/cpscas.educacion.navarra.es\/caseda\/wp-content\/uploads\/sites\/9\/2016\/12\/visita-a-la-residencia-8.jpg 1024w\" sizes=\"(max-width: 300px) 100vw, 300px\" \/><\/a>\n\t\t\t<\/div><\/figure><figure class='gallery-item'>\n\t\t\t<div class='gallery-icon landscape'>\n\t\t\t\t<a href='https:\/\/cpscas.educacion.navarra.es\/caseda\/2016\/12\/11\/visita-a-la-residencia\/visita-a-la-residencia-9\/'><img width=\"300\" height=\"169\" src=\"https:\/\/cpscas.educacion.navarra.es\/caseda\/wp-content\/uploads\/sites\/9\/2016\/12\/visita-a-la-residencia-9-300x169.jpg\" class=\"attachment-medium size-medium\" alt=\"\" loading=\"lazy\" srcset=\"https:\/\/cpscas.educacion.navarra.es\/caseda\/wp-content\/uploads\/sites\/9\/2016\/12\/visita-a-la-residencia-9-300x169.jpg 300w, https:\/\/cpscas.educacion.navarra.es\/caseda\/wp-content\/uploads\/sites\/9\/2016\/12\/visita-a-la-residencia-9-768x432.jpg 768w, https:\/\/cpscas.educacion.navarra.es\/caseda\/wp-content\/uploads\/sites\/9\/2016\/12\/visita-a-la-residencia-9.jpg 1024w\" sizes=\"(max-width: 300px) 100vw, 300px\" \/><\/a>\n\t\t\t<\/div><\/figure><figure class='gallery-item'>\n\t\t\t<div class='gallery-icon landscape'>\n\t\t\t\t<a href='https:\/\/cpscas.educacion.navarra.es\/caseda\/2016\/12\/11\/visita-a-la-residencia\/visita-a-la-residencia-10\/'><img width=\"300\" height=\"169\" src=\"https:\/\/cpscas.educacion.navarra.es\/caseda\/wp-content\/uploads\/sites\/9\/2016\/12\/visita-a-la-residencia-10-300x169.jpg\" class=\"attachment-medium size-medium\" alt=\"\" loading=\"lazy\" srcset=\"https:\/\/cpscas.educacion.navarra.es\/caseda\/wp-content\/uploads\/sites\/9\/2016\/12\/visita-a-la-residencia-10-300x169.jpg 300w, https:\/\/cpscas.educacion.navarra.es\/caseda\/wp-content\/uploads\/sites\/9\/2016\/12\/visita-a-la-residencia-10-768x432.jpg 768w, https:\/\/cpscas.educacion.navarra.es\/caseda\/wp-content\/uploads\/sites\/9\/2016\/12\/visita-a-la-residencia-10.jpg 1024w\" sizes=\"(max-width: 300px) 100vw, 300px\" \/><\/a>\n\t\t\t<\/div><\/figure><figure class='gallery-item'>\n\t\t\t<div class='gallery-icon landscape'>\n\t\t\t\t<a href='https:\/\/cpscas.educacion.navarra.es\/caseda\/2016\/12\/11\/visita-a-la-residencia\/visita-a-la-residencia-11\/'><img width=\"300\" height=\"169\" src=\"https:\/\/cpscas.educacion.navarra.es\/caseda\/wp-content\/uploads\/sites\/9\/2016\/12\/visita-a-la-residencia-11-300x169.jpg\" class=\"attachment-medium size-medium\" alt=\"\" loading=\"lazy\" srcset=\"https:\/\/cpscas.educacion.navarra.es\/caseda\/wp-content\/uploads\/sites\/9\/2016\/12\/visita-a-la-residencia-11-300x169.jpg 300w, https:\/\/cpscas.educacion.navarra.es\/caseda\/wp-content\/uploads\/sites\/9\/2016\/12\/visita-a-la-residencia-11-768x432.jpg 768w, https:\/\/cpscas.educacion.navarra.es\/caseda\/wp-content\/uploads\/sites\/9\/2016\/12\/visita-a-la-residencia-11.jpg 1024w\" sizes=\"(max-width: 300px) 100vw, 300px\" \/><\/a>\n\t\t\t<\/div><\/figure><figure class='gallery-item'>\n\t\t\t<div class='gallery-icon landscape'>\n\t\t\t\t<a href='https:\/\/cpscas.educacion.navarra.es\/caseda\/2016\/12\/11\/visita-a-la-residencia\/visita-a-la-residencia-13\/'><img width=\"300\" height=\"169\" src=\"https:\/\/cpscas.educacion.navarra.es\/caseda\/wp-content\/uploads\/sites\/9\/2016\/12\/visita-a-la-residencia-13-300x169.jpg\" class=\"attachment-medium size-medium\" alt=\"\" loading=\"lazy\" srcset=\"https:\/\/cpscas.educacion.navarra.es\/caseda\/wp-content\/uploads\/sites\/9\/2016\/12\/visita-a-la-residencia-13-300x169.jpg 300w, https:\/\/cpscas.educacion.navarra.es\/caseda\/wp-content\/uploads\/sites\/9\/2016\/12\/visita-a-la-residencia-13-768x432.jpg 768w, https:\/\/cpscas.educacion.navarra.es\/caseda\/wp-content\/uploads\/sites\/9\/2016\/12\/visita-a-la-residencia-13.jpg 1024w\" sizes=\"(max-width: 300px) 100vw, 300px\" \/><\/a>\n\t\t\t<\/div><\/figure><figure class='gallery-item'>\n\t\t\t<div class='gallery-icon landscape'>\n\t\t\t\t<a href='https:\/\/cpscas.educacion.navarra.es\/caseda\/2016\/12\/11\/visita-a-la-residencia\/visita-a-la-residencia-14\/'><img width=\"300\" height=\"169\" src=\"https:\/\/cpscas.educacion.navarra.es\/caseda\/wp-content\/uploads\/sites\/9\/2016\/12\/visita-a-la-residencia-14-300x169.jpg\" class=\"attachment-medium size-medium\" alt=\"\" loading=\"lazy\" srcset=\"https:\/\/cpscas.educacion.navarra.es\/caseda\/wp-content\/uploads\/sites\/9\/2016\/12\/visita-a-la-residencia-14-300x169.jpg 300w, https:\/\/cpscas.educacion.navarra.es\/caseda\/wp-content\/uploads\/sites\/9\/2016\/12\/visita-a-la-residencia-14-768x432.jpg 768w, https:\/\/cpscas.educacion.navarra.es\/caseda\/wp-content\/uploads\/sites\/9\/2016\/12\/visita-a-la-residencia-14.jpg 1024w\" sizes=\"(max-width: 300px) 100vw, 300px\" \/><\/a>\n\t\t\t<\/div><\/figure><figure class='gallery-item'>\n\t\t\t<div class='gallery-icon landscape'>\n\t\t\t\t<a href='https:\/\/cpscas.educacion.navarra.es\/caseda\/2016\/12\/11\/visita-a-la-residencia\/visita-a-la-residencia-15\/'><img width=\"300\" height=\"169\" src=\"https:\/\/cpscas.educacion.navarra.es\/caseda\/wp-content\/uploads\/sites\/9\/2016\/12\/visita-a-la-residencia-15-300x169.jpg\" class=\"attachment-medium size-medium\" alt=\"\" loading=\"lazy\" srcset=\"https:\/\/cpscas.educacion.navarra.es\/caseda\/wp-content\/uploads\/sites\/9\/2016\/12\/visita-a-la-residencia-15-300x169.jpg 300w, https:\/\/cpscas.educacion.navarra.es\/caseda\/wp-content\/uploads\/sites\/9\/2016\/12\/visita-a-la-residencia-15-768x432.jpg 768w, https:\/\/cpscas.educacion.navarra.es\/caseda\/wp-content\/uploads\/sites\/9\/2016\/12\/visita-a-la-residencia-15.jpg 1024w\" sizes=\"(max-width: 300px) 100vw, 300px\" \/><\/a>\n\t\t\t<\/div><\/figure><figure class='gallery-item'>\n\t\t\t<div class='gallery-icon landscape'>\n\t\t\t\t<a href='https:\/\/cpscas.educacion.navarra.es\/caseda\/2016\/12\/11\/visita-a-la-residencia\/visita-a-la-residencia-16\/'><img width=\"300\" height=\"169\" src=\"https:\/\/cpscas.educacion.navarra.es\/caseda\/wp-content\/uploads\/sites\/9\/2016\/12\/visita-a-la-residencia-16-300x169.jpg\" class=\"attachment-medium size-medium\" alt=\"\" loading=\"lazy\" srcset=\"https:\/\/cpscas.educacion.navarra.es\/caseda\/wp-content\/uploads\/sites\/9\/2016\/12\/visita-a-la-residencia-16-300x169.jpg 300w, https:\/\/cpscas.educacion.navarra.es\/caseda\/wp-content\/uploads\/sites\/9\/2016\/12\/visita-a-la-residencia-16-768x432.jpg 768w, https:\/\/cpscas.educacion.navarra.es\/caseda\/wp-content\/uploads\/sites\/9\/2016\/12\/visita-a-la-residencia-16.jpg 1024w\" sizes=\"(max-width: 300px) 100vw, 300px\" \/><\/a>\n\t\t\t<\/div><\/figure><figure class='gallery-item'>\n\t\t\t<div class='gallery-icon landscape'>\n\t\t\t\t<a href='https:\/\/cpscas.educacion.navarra.es\/caseda\/2016\/12\/11\/visita-a-la-residencia\/visita-a-la-residencia-17\/'><img width=\"300\" height=\"169\" src=\"https:\/\/cpscas.educacion.navarra.es\/caseda\/wp-content\/uploads\/sites\/9\/2016\/12\/visita-a-la-residencia-17-300x169.jpg\" class=\"attachment-medium size-medium\" alt=\"\" loading=\"lazy\" srcset=\"https:\/\/cpscas.educacion.navarra.es\/caseda\/wp-content\/uploads\/sites\/9\/2016\/12\/visita-a-la-residencia-17-300x169.jpg 300w, https:\/\/cpscas.educacion.navarra.es\/caseda\/wp-content\/uploads\/sites\/9\/2016\/12\/visita-a-la-residencia-17-768x432.jpg 768w, https:\/\/cpscas.educacion.navarra.es\/caseda\/wp-content\/uploads\/sites\/9\/2016\/12\/visita-a-la-residencia-17.jpg 1024w\" sizes=\"(max-width: 300px) 100vw, 300px\" \/><\/a>\n\t\t\t<\/div><\/figure><figure class='gallery-item'>\n\t\t\t<div class='gallery-icon landscape'>\n\t\t\t\t<a href='https:\/\/cpscas.educacion.navarra.es\/caseda\/2016\/12\/11\/visita-a-la-residencia\/visita-a-la-residencia-18\/'><img width=\"300\" height=\"169\" src=\"https:\/\/cpscas.educacion.navarra.es\/caseda\/wp-content\/uploads\/sites\/9\/2016\/12\/visita-a-la-residencia-18-300x169.jpg\" class=\"attachment-medium size-medium\" alt=\"\" loading=\"lazy\" srcset=\"https:\/\/cpscas.educacion.navarra.es\/caseda\/wp-content\/uploads\/sites\/9\/2016\/12\/visita-a-la-residencia-18-300x169.jpg 300w, https:\/\/cpscas.educacion.navarra.es\/caseda\/wp-content\/uploads\/sites\/9\/2016\/12\/visita-a-la-residencia-18-768x432.jpg 768w, https:\/\/cpscas.educacion.navarra.es\/caseda\/wp-content\/uploads\/sites\/9\/2016\/12\/visita-a-la-residencia-18.jpg 1024w\" sizes=\"(max-width: 300px) 100vw, 300px\" \/><\/a>\n\t\t\t<\/div><\/figure><figure class='gallery-item'>\n\t\t\t<div class='gallery-icon landscape'>\n\t\t\t\t<a href='https:\/\/cpscas.educacion.navarra.es\/caseda\/2016\/12\/11\/visita-a-la-residencia\/visita-a-la-residencia-19\/'><img width=\"300\" height=\"169\" src=\"https:\/\/cpscas.educacion.navarra.es\/caseda\/wp-content\/uploads\/sites\/9\/2016\/12\/visita-a-la-residencia-19-300x169.jpg\" class=\"attachment-medium size-medium\" alt=\"\" loading=\"lazy\" srcset=\"https:\/\/cpscas.educacion.navarra.es\/caseda\/wp-content\/uploads\/sites\/9\/2016\/12\/visita-a-la-residencia-19-300x169.jpg 300w, https:\/\/cpscas.educacion.navarra.es\/caseda\/wp-content\/uploads\/sites\/9\/2016\/12\/visita-a-la-residencia-19-768x432.jpg 768w, https:\/\/cpscas.educacion.navarra.es\/caseda\/wp-content\/uploads\/sites\/9\/2016\/12\/visita-a-la-residencia-19.jpg 1024w\" sizes=\"(max-width: 300px) 100vw, 300px\" \/><\/a>\n\t\t\t<\/div><\/figure><figure class='gallery-item'>\n\t\t\t<div class='gallery-icon landscape'>\n\t\t\t\t<a href='https:\/\/cpscas.educacion.navarra.es\/caseda\/2016\/12\/11\/visita-a-la-residencia\/visita-a-la-residencia-20\/'><img width=\"300\" height=\"169\" src=\"https:\/\/cpscas.educacion.navarra.es\/caseda\/wp-content\/uploads\/sites\/9\/2016\/12\/visita-a-la-residencia-20-300x169.jpg\" class=\"attachment-medium size-medium\" alt=\"\" loading=\"lazy\" srcset=\"https:\/\/cpscas.educacion.navarra.es\/caseda\/wp-content\/uploads\/sites\/9\/2016\/12\/visita-a-la-residencia-20-300x169.jpg 300w, https:\/\/cpscas.educacion.navarra.es\/caseda\/wp-content\/uploads\/sites\/9\/2016\/12\/visita-a-la-residencia-20-768x432.jpg 768w, https:\/\/cpscas.educacion.navarra.es\/caseda\/wp-content\/uploads\/sites\/9\/2016\/12\/visita-a-la-residencia-20.jpg 1024w\" sizes=\"(max-width: 300px) 100vw, 300px\" \/><\/a>\n\t\t\t<\/div><\/figure><figure class='gallery-item'>\n\t\t\t<div class='gallery-icon landscape'>\n\t\t\t\t<a href='https:\/\/cpscas.educacion.navarra.es\/caseda\/2016\/12\/11\/visita-a-la-residencia\/visita-a-la-residencia-21\/'><img width=\"300\" height=\"169\" src=\"https:\/\/cpscas.educacion.navarra.es\/caseda\/wp-content\/uploads\/sites\/9\/2016\/12\/visita-a-la-residencia-21-300x169.jpg\" class=\"attachment-medium size-medium\" alt=\"\" loading=\"lazy\" srcset=\"https:\/\/cpscas.educacion.navarra.es\/caseda\/wp-content\/uploads\/sites\/9\/2016\/12\/visita-a-la-residencia-21-300x169.jpg 300w, https:\/\/cpscas.educacion.navarra.es\/caseda\/wp-content\/uploads\/sites\/9\/2016\/12\/visita-a-la-residencia-21-768x432.jpg 768w, https:\/\/cpscas.educacion.navarra.es\/caseda\/wp-content\/uploads\/sites\/9\/2016\/12\/visita-a-la-residencia-21.jpg 1024w\" sizes=\"(max-width: 300px) 100vw, 300px\" \/><\/a>\n\t\t\t<\/div><\/figure>\n\t\t<\/div>\n\n","protected":false},"excerpt":{"rendered":"<p>El viernes por la ma\u00f1ana visitamos a los abuelos y abuelas de la residencia. Cantamos entre tod@s villancicos y les regalamos un cuadro navide\u00f1o que hicimos entre tod@s en clase. Les gust\u00f3 mucho y disfrutaron con nuestra presencia. Tambi\u00e9n ell@s nos prepararon una peque\u00f1a sorpresa&#8230; \u00a1\u00a1\u00a1Un almuerzo estupendo!!!<\/p>\n","protected":false},"author":9,"featured_media":0,"comment_status":"open","ping_status":"open","sticky":false,"template":"","format":"standard","meta":{"_genesis_hide_title":false,"_genesis_hide_breadcrumbs":false,"_genesis_hide_singular_image":false,"_genesis_hide_footer_widgets":false,"_genesis_custom_body_class":"","_genesis_custom_post_class":"","_genesis_layout":""},"categories":[1],"tags":[],"featured_image_src":null,"featured_image_src_square":null,"author_info":{"display_name":"caseda","author_link":"https:\/\/cpscas.educacion.navarra.es\/caseda\/author\/caseda\/"},"_links":{"self":[{"href":"https:\/\/cpscas.educacion.navarra.es\/caseda\/wp-json\/wp\/v2\/posts\/962"}],"collection":[{"href":"https:\/\/cpscas.educacion.navarra.es\/caseda\/wp-json\/wp\/v2\/posts"}],"about":[{"href":"https:\/\/cpscas.educacion.navarra.es\/caseda\/wp-json\/wp\/v2\/types\/post"}],"author":[{"embeddable":true,"href":"https:\/\/cpscas.educacion.navarra.es\/caseda\/wp-json\/wp\/v2\/users\/9"}],"replies":[{"embeddable":true,"href":"https:\/\/cpscas.educacion.navarra.es\/caseda\/wp-json\/wp\/v2\/comments?post=962"}],"version-history":[{"count":3,"href":"https:\/\/cpscas.educacion.navarra.es\/caseda\/wp-json\/wp\/v2\/posts\/962\/revisions"}],"predecessor-version":[{"id":987,"href":"https:\/\/cpscas.educacion.navarra.es\/caseda\/wp-json\/wp\/v2\/posts\/962\/revisions\/987"}],"wp:attachment":[{"href":"https:\/\/cpscas.educacion.navarra.es\/caseda\/wp-json\/wp\/v2\/media?parent=962"}],"wp:term":[{"taxonomy":"category","embeddable":true,"href":"https:\/\/cpscas.educacion.navarra.es\/caseda\/wp-json\/wp\/v2\/categories?post=962"},{"taxonomy":"post_tag","embeddable":true,"href":"https:\/\/cpscas.educacion.navarra.es\/caseda\/wp-json\/wp\/v2\/tags?post=962"}],"curies":[{"name":"wp","href":"https:\/\/api.w.org\/{rel}","templated":true}]}}