{"id":521,"date":"2016-05-10T22:21:55","date_gmt":"2016-05-10T20:21:55","guid":{"rendered":"http:\/\/cpscas.educacion.navarra.es\/caseda\/?p=521"},"modified":"2016-05-10T22:21:55","modified_gmt":"2016-05-10T20:21:55","slug":"comenzamos-un-nuevo-proyecto","status":"publish","type":"post","link":"https:\/\/cpscas.educacion.navarra.es\/caseda\/2016\/05\/10\/comenzamos-un-nuevo-proyecto\/","title":{"rendered":"COMENZAMOS UN NUEVO PROYECTO"},"content":{"rendered":"<h5>Los chicos y chicas de primero y segundo comenzamos un nuevo proyecto. <strong><span style=\"text-decoration: underline\">\u00bb Un Huerto Ecol\u00f3gico en la Escuela\u00bb.<\/span><\/strong><\/h5>\n<h5>Despu\u00e9s de esperar un largo tiempo por temas burocr\u00e1ticos por fin tenemos un lugar d\u00f3nde transplantar las plantas que llevamos un largo tiempo cuidando en clase.<a href=\"https:\/\/cpscas.educacion.navarra.es\/caseda\/wp-content\/uploads\/sites\/9\/2016\/05\/Sembrar-plantas-en-botellas.jpg\"><img loading=\"lazy\" class=\"size-thumbnail wp-image-522 alignright\" src=\"https:\/\/cpscas.educacion.navarra.es\/caseda\/wp-content\/uploads\/sites\/9\/2016\/05\/Sembrar-plantas-en-botellas-150x150.jpg\" alt=\"Sembrar-plantas-en-botellas\" width=\"150\" height=\"150\" \/><\/a><\/h5>\n<h5>Hace un par de meses m\u00e1s o menos reutilizamos unas botellas de pl\u00e1stico para comenzar nuestra aventura. Partimos las botellas de pl\u00e1stico por la mitad y las usamos a modo de plantero.<\/h5>\n<h5>En ellas cada uno planto semillas diferentes, (albahaca, tomates cherrys, rabanitos, ajos, alubias, lentejas, garbanzos y fresas) Tambi\u00e9n plantamos mostaza pero est\u00e1 no nos lleg\u00f3 a crecer :(.<\/h5>\n<h5>La plantas ya estaban bastante crecidas as\u00ed que era el tiempo de buscarles un sitio mejor para que crecieran y as\u00ed poder recoger su fruto, por ello hablamos con el ayuntamiento para solicitar un espacio para hacer nuestro \u00abHuerto\u00bb.<\/h5>\n<h5>Y hoy, hemos transplantado nuestras plantas en el huerto, ya pueden crecer felices y contentas.<\/h5>\n<h5>Ma\u00f1ana transplantaremos m\u00e1s plantas pero est\u00e1s no las hemos criado nosotros aunque las trataremos con mucho cari\u00f1o tambi\u00e9n. jejejeje<\/h5>\n<p><a href=\"https:\/\/cpscas.educacion.navarra.es\/caseda\/wp-content\/uploads\/sites\/9\/2016\/05\/IMG-20160510-WA0015.jpg\"><img loading=\"lazy\" class=\"aligncenter size-medium wp-image-523\" src=\"https:\/\/cpscas.educacion.navarra.es\/caseda\/wp-content\/uploads\/sites\/9\/2016\/05\/IMG-20160510-WA0015-300x169.jpg\" alt=\"IMG-20160510-WA0015\" width=\"300\" height=\"169\" srcset=\"https:\/\/cpscas.educacion.navarra.es\/caseda\/wp-content\/uploads\/sites\/9\/2016\/05\/IMG-20160510-WA0015-300x169.jpg 300w, https:\/\/cpscas.educacion.navarra.es\/caseda\/wp-content\/uploads\/sites\/9\/2016\/05\/IMG-20160510-WA0015-768x432.jpg 768w, https:\/\/cpscas.educacion.navarra.es\/caseda\/wp-content\/uploads\/sites\/9\/2016\/05\/IMG-20160510-WA0015-1024x576.jpg 1024w, https:\/\/cpscas.educacion.navarra.es\/caseda\/wp-content\/uploads\/sites\/9\/2016\/05\/IMG-20160510-WA0015.jpg 1600w\" sizes=\"(max-width: 300px) 100vw, 300px\" \/><\/a><\/p>\n<p>&nbsp;<\/p>\n<p>&nbsp;<\/p>\n<p>&nbsp;<\/p>\n","protected":false},"excerpt":{"rendered":"<p>Los chicos y chicas de primero y segundo comenzamos un nuevo proyecto. \u00bb Un Huerto Ecol\u00f3gico en la Escuela\u00bb. Despu\u00e9s de esperar un largo tiempo por temas burocr\u00e1ticos por fin tenemos un lugar d\u00f3nde transplantar las plantas que llevamos un largo tiempo cuidando en clase. Hace un par de meses m\u00e1s o menos reutilizamos unas [&hellip;]<\/p>\n","protected":false},"author":9,"featured_media":0,"comment_status":"open","ping_status":"open","sticky":false,"template":"","format":"standard","meta":{"_genesis_hide_title":false,"_genesis_hide_breadcrumbs":false,"_genesis_hide_singular_image":false,"_genesis_hide_footer_widgets":false,"_genesis_custom_body_class":"","_genesis_custom_post_class":"","_genesis_layout":""},"categories":[1],"tags":[],"featured_image_src":null,"featured_image_src_square":null,"author_info":{"display_name":"caseda","author_link":"https:\/\/cpscas.educacion.navarra.es\/caseda\/author\/caseda\/"},"_links":{"self":[{"href":"https:\/\/cpscas.educacion.navarra.es\/caseda\/wp-json\/wp\/v2\/posts\/521"}],"collection":[{"href":"https:\/\/cpscas.educacion.navarra.es\/caseda\/wp-json\/wp\/v2\/posts"}],"about":[{"href":"https:\/\/cpscas.educacion.navarra.es\/caseda\/wp-json\/wp\/v2\/types\/post"}],"author":[{"embeddable":true,"href":"https:\/\/cpscas.educacion.navarra.es\/caseda\/wp-json\/wp\/v2\/users\/9"}],"replies":[{"embeddable":true,"href":"https:\/\/cpscas.educacion.navarra.es\/caseda\/wp-json\/wp\/v2\/comments?post=521"}],"version-history":[{"count":1,"href":"https:\/\/cpscas.educacion.navarra.es\/caseda\/wp-json\/wp\/v2\/posts\/521\/revisions"}],"predecessor-version":[{"id":524,"href":"https:\/\/cpscas.educacion.navarra.es\/caseda\/wp-json\/wp\/v2\/posts\/521\/revisions\/524"}],"wp:attachment":[{"href":"https:\/\/cpscas.educacion.navarra.es\/caseda\/wp-json\/wp\/v2\/media?parent=521"}],"wp:term":[{"taxonomy":"category","embeddable":true,"href":"https:\/\/cpscas.educacion.navarra.es\/caseda\/wp-json\/wp\/v2\/categories?post=521"},{"taxonomy":"post_tag","embeddable":true,"href":"https:\/\/cpscas.educacion.navarra.es\/caseda\/wp-json\/wp\/v2\/tags?post=521"}],"curies":[{"name":"wp","href":"https:\/\/api.w.org\/{rel}","templated":true}]}}