{"id":503,"date":"2016-05-05T19:08:11","date_gmt":"2016-05-05T17:08:11","guid":{"rendered":"http:\/\/cpscas.educacion.navarra.es\/caseda\/?p=503"},"modified":"2016-05-06T19:35:42","modified_gmt":"2016-05-06T17:35:42","slug":"celsa-una-abuela-especial","status":"publish","type":"post","link":"https:\/\/cpscas.educacion.navarra.es\/caseda\/2016\/05\/05\/celsa-una-abuela-especial\/","title":{"rendered":"CELSA, UNA ABUELA ESPECIAL"},"content":{"rendered":"<h4 style=\"text-align: center\">Esta semana le tocaba venir a ense\u00f1arnos una canci\u00f3n a la familia de Soren.<\/h4>\n<h4 style=\"text-align: center\">Soren sabe que a su abuela Celsa le encanta cantar, as\u00ed que pens\u00f3 que estar\u00eda encantada en venir a ense\u00f1arnos una canci\u00f3n. Y as\u00ed fue, su abuela Celsa ha sido la invitada de esta semana.<\/h4>\n<h4 style=\"text-align: center\">Celsa nos ense\u00f1\u00f3 dos canciones, la primera \u00abMI OVEJITA LUCERA\u00bb esta canci\u00f3n la cantaba cuando era peque\u00f1a. La segunda canci\u00f3n como sab\u00edamos que sab\u00eda italiano le insistimos para que nos cantara algo en italiano y nos cant\u00f3 la canci\u00f3n de \u00abCARISSIMO PINOCCHIO\u00bb en italiano.<\/h4>\n<p>&nbsp;<\/p>\n<h4 style=\"text-align: center\"><a href=\"https:\/\/cpscas.educacion.navarra.es\/caseda\/wp-content\/uploads\/sites\/9\/2016\/05\/DSC_2496.jpg\"><img loading=\"lazy\" class=\"wp-image-508 alignright\" src=\"https:\/\/cpscas.educacion.navarra.es\/caseda\/wp-content\/uploads\/sites\/9\/2016\/05\/DSC_2496.jpg\" alt=\"DSC_2496\" width=\"272\" height=\"153\" srcset=\"https:\/\/cpscas.educacion.navarra.es\/caseda\/wp-content\/uploads\/sites\/9\/2016\/05\/DSC_2496.jpg 3104w, https:\/\/cpscas.educacion.navarra.es\/caseda\/wp-content\/uploads\/sites\/9\/2016\/05\/DSC_2496-300x169.jpg 300w, https:\/\/cpscas.educacion.navarra.es\/caseda\/wp-content\/uploads\/sites\/9\/2016\/05\/DSC_2496-768x432.jpg 768w, https:\/\/cpscas.educacion.navarra.es\/caseda\/wp-content\/uploads\/sites\/9\/2016\/05\/DSC_2496-1024x576.jpg 1024w\" sizes=\"(max-width: 272px) 100vw, 272px\" \/><\/a><a href=\"https:\/\/cpscas.educacion.navarra.es\/caseda\/wp-content\/uploads\/sites\/9\/2016\/05\/DSC_2498.jpg\"><img loading=\"lazy\" class=\"wp-image-509 alignright\" src=\"https:\/\/cpscas.educacion.navarra.es\/caseda\/wp-content\/uploads\/sites\/9\/2016\/05\/DSC_2498.jpg\" alt=\"DSC_2498\" width=\"279\" height=\"157\" srcset=\"https:\/\/cpscas.educacion.navarra.es\/caseda\/wp-content\/uploads\/sites\/9\/2016\/05\/DSC_2498.jpg 3104w, https:\/\/cpscas.educacion.navarra.es\/caseda\/wp-content\/uploads\/sites\/9\/2016\/05\/DSC_2498-300x169.jpg 300w, https:\/\/cpscas.educacion.navarra.es\/caseda\/wp-content\/uploads\/sites\/9\/2016\/05\/DSC_2498-768x432.jpg 768w, https:\/\/cpscas.educacion.navarra.es\/caseda\/wp-content\/uploads\/sites\/9\/2016\/05\/DSC_2498-1024x576.jpg 1024w\" sizes=\"(max-width: 279px) 100vw, 279px\" \/><\/a><a href=\"https:\/\/cpscas.educacion.navarra.es\/caseda\/wp-content\/uploads\/sites\/9\/2016\/05\/DSC_2494.jpg\"><img loading=\"lazy\" class=\"wp-image-507 alignright\" src=\"https:\/\/cpscas.educacion.navarra.es\/caseda\/wp-content\/uploads\/sites\/9\/2016\/05\/DSC_2494.jpg\" alt=\"DSC_2494\" width=\"265\" height=\"149\" srcset=\"https:\/\/cpscas.educacion.navarra.es\/caseda\/wp-content\/uploads\/sites\/9\/2016\/05\/DSC_2494.jpg 3104w, https:\/\/cpscas.educacion.navarra.es\/caseda\/wp-content\/uploads\/sites\/9\/2016\/05\/DSC_2494-300x169.jpg 300w, https:\/\/cpscas.educacion.navarra.es\/caseda\/wp-content\/uploads\/sites\/9\/2016\/05\/DSC_2494-768x432.jpg 768w, https:\/\/cpscas.educacion.navarra.es\/caseda\/wp-content\/uploads\/sites\/9\/2016\/05\/DSC_2494-1024x576.jpg 1024w\" sizes=\"(max-width: 265px) 100vw, 265px\" \/><\/a><a href=\"https:\/\/cpscas.educacion.navarra.es\/caseda\/wp-content\/uploads\/sites\/9\/2016\/05\/DSC_2499.jpg\"><img loading=\"lazy\" class=\"aligncenter  wp-image-510\" src=\"https:\/\/cpscas.educacion.navarra.es\/caseda\/wp-content\/uploads\/sites\/9\/2016\/05\/DSC_2499.jpg\" alt=\"DSC_2499\" width=\"279\" height=\"157\" srcset=\"https:\/\/cpscas.educacion.navarra.es\/caseda\/wp-content\/uploads\/sites\/9\/2016\/05\/DSC_2499.jpg 3104w, https:\/\/cpscas.educacion.navarra.es\/caseda\/wp-content\/uploads\/sites\/9\/2016\/05\/DSC_2499-300x169.jpg 300w, https:\/\/cpscas.educacion.navarra.es\/caseda\/wp-content\/uploads\/sites\/9\/2016\/05\/DSC_2499-768x432.jpg 768w, https:\/\/cpscas.educacion.navarra.es\/caseda\/wp-content\/uploads\/sites\/9\/2016\/05\/DSC_2499-1024x576.jpg 1024w\" sizes=\"(max-width: 279px) 100vw, 279px\" \/><\/a><\/h4>\n<h4 style=\"text-align: center\">MUCHAS GRACIAS CELSA, HA SIDO UN PLACER TENERTE EN NUESTRA CLASE.<\/h4>\n<p style=\"text-align: center\"><iframe title=\"Mi ovejita lucera\" width=\"500\" height=\"375\" src=\"https:\/\/www.youtube.com\/embed\/9lbgeTsFhGs?feature=oembed\" frameborder=\"0\" allow=\"accelerometer; autoplay; clipboard-write; encrypted-media; gyroscope; picture-in-picture\" allowfullscreen><\/iframe><\/p>\n<p style=\"text-align: center\"><iframe title=\"Canzone per bambini - Lettera a Pinocchio - Carissimo Pinocchio\" width=\"500\" height=\"375\" src=\"https:\/\/www.youtube.com\/embed\/ZEAMOUyMLq8?feature=oembed\" frameborder=\"0\" allow=\"accelerometer; autoplay; clipboard-write; encrypted-media; gyroscope; picture-in-picture\" allowfullscreen><\/iframe><\/p>\n<p>&nbsp;<\/p>\n","protected":false},"excerpt":{"rendered":"<p>Esta semana le tocaba venir a ense\u00f1arnos una canci\u00f3n a la familia de Soren. Soren sabe que a su abuela Celsa le encanta cantar, as\u00ed que pens\u00f3 que estar\u00eda encantada en venir a ense\u00f1arnos una canci\u00f3n. Y as\u00ed fue, su abuela Celsa ha sido la invitada de esta semana. Celsa nos ense\u00f1\u00f3 dos canciones, la [&hellip;]<\/p>\n","protected":false},"author":9,"featured_media":0,"comment_status":"open","ping_status":"open","sticky":false,"template":"","format":"standard","meta":{"_genesis_hide_title":false,"_genesis_hide_breadcrumbs":false,"_genesis_hide_singular_image":false,"_genesis_hide_footer_widgets":false,"_genesis_custom_body_class":"","_genesis_custom_post_class":"","_genesis_layout":""},"categories":[1],"tags":[],"featured_image_src":null,"featured_image_src_square":null,"author_info":{"display_name":"caseda","author_link":"https:\/\/cpscas.educacion.navarra.es\/caseda\/author\/caseda\/"},"_links":{"self":[{"href":"https:\/\/cpscas.educacion.navarra.es\/caseda\/wp-json\/wp\/v2\/posts\/503"}],"collection":[{"href":"https:\/\/cpscas.educacion.navarra.es\/caseda\/wp-json\/wp\/v2\/posts"}],"about":[{"href":"https:\/\/cpscas.educacion.navarra.es\/caseda\/wp-json\/wp\/v2\/types\/post"}],"author":[{"embeddable":true,"href":"https:\/\/cpscas.educacion.navarra.es\/caseda\/wp-json\/wp\/v2\/users\/9"}],"replies":[{"embeddable":true,"href":"https:\/\/cpscas.educacion.navarra.es\/caseda\/wp-json\/wp\/v2\/comments?post=503"}],"version-history":[{"count":3,"href":"https:\/\/cpscas.educacion.navarra.es\/caseda\/wp-json\/wp\/v2\/posts\/503\/revisions"}],"predecessor-version":[{"id":511,"href":"https:\/\/cpscas.educacion.navarra.es\/caseda\/wp-json\/wp\/v2\/posts\/503\/revisions\/511"}],"wp:attachment":[{"href":"https:\/\/cpscas.educacion.navarra.es\/caseda\/wp-json\/wp\/v2\/media?parent=503"}],"wp:term":[{"taxonomy":"category","embeddable":true,"href":"https:\/\/cpscas.educacion.navarra.es\/caseda\/wp-json\/wp\/v2\/categories?post=503"},{"taxonomy":"post_tag","embeddable":true,"href":"https:\/\/cpscas.educacion.navarra.es\/caseda\/wp-json\/wp\/v2\/tags?post=503"}],"curies":[{"name":"wp","href":"https:\/\/api.w.org\/{rel}","templated":true}]}}