{"id":477,"date":"2016-04-25T21:09:21","date_gmt":"2016-04-25T19:09:21","guid":{"rendered":"http:\/\/cpscas.educacion.navarra.es\/caseda\/?p=477"},"modified":"2016-04-26T09:16:27","modified_gmt":"2016-04-26T07:16:27","slug":"clase-de-canto-con-una-soprano","status":"publish","type":"post","link":"https:\/\/cpscas.educacion.navarra.es\/caseda\/2016\/04\/25\/clase-de-canto-con-una-soprano\/","title":{"rendered":"CLASE DE CANTO CON UNA SOPRANO"},"content":{"rendered":"<h4>Seguimos trabajando la m\u00fasica en todas sus variantes.<\/h4>\n<h4>Esta vez ha tocado dar paso al canto, para ello hemos invitado a una gran profesional de la voz, la soprano Itsaso Moriones.<\/h4>\n<h4>Nosotros ya la conocimos en nuestra visita al auditorio de Sang\u00fcesa, ah\u00ed nos sorprendi\u00f3 con su magn\u00edfica voz y sus dotes de interpretaci\u00f3n, as\u00ed que sab\u00edamos que no nos iba a defraudar.<\/h4>\n<h4 style=\"text-align: center\">Aqu\u00ed abajo os dejamos un enlace para todo aquel que quiera saber un poco m\u00e1s sobre ella.<\/h4>\n<p style=\"text-align: center\"><a href=\"http:\/\/www.cuencaciudadmusica.es\/portal\/lang__es\/rowid__1015477,63602\/tabid__26311\/desktopdefault.aspx\" target=\"_blank\">BIOGRAF\u00cdA ITSASO MORIONES<\/a><\/p>\n<h5 style=\"text-align: left\">Lo pasamos en grande como podr\u00e9is ver en el siguiente v\u00eddeo.<\/h5>\n<div style=\"text-align: center\"><\/div>\n<div style=\"text-align: center\"><a href=\"http:\/\/www.kizoa.es\/Editar-Videos-Movie-Maker\/d41533283k4791819o2l1\/clase-de-canto-con-la-soprano-itsaso-moriones\"><b>Clase de canto con la soprano Itsaso Moriones<\/b><\/a> &#8211; <i><a href=\"http:\/\/www.kizoa.es\">Kizoa Editar Videos &#8211; Movie Maker<\/a><\/i><\/div>\n","protected":false},"excerpt":{"rendered":"<p>Seguimos trabajando la m\u00fasica en todas sus variantes. Esta vez ha tocado dar paso al canto, para ello hemos invitado a una gran profesional de la voz, la soprano Itsaso Moriones. Nosotros ya la conocimos en nuestra visita al auditorio de Sang\u00fcesa, ah\u00ed nos sorprendi\u00f3 con su magn\u00edfica voz y sus dotes de interpretaci\u00f3n, as\u00ed [&hellip;]<\/p>\n","protected":false},"author":9,"featured_media":0,"comment_status":"open","ping_status":"open","sticky":false,"template":"","format":"standard","meta":{"_genesis_hide_title":false,"_genesis_hide_breadcrumbs":false,"_genesis_hide_singular_image":false,"_genesis_hide_footer_widgets":false,"_genesis_custom_body_class":"","_genesis_custom_post_class":"","_genesis_layout":""},"categories":[12],"tags":[],"featured_image_src":null,"featured_image_src_square":null,"author_info":{"display_name":"caseda","author_link":"https:\/\/cpscas.educacion.navarra.es\/caseda\/author\/caseda\/"},"_links":{"self":[{"href":"https:\/\/cpscas.educacion.navarra.es\/caseda\/wp-json\/wp\/v2\/posts\/477"}],"collection":[{"href":"https:\/\/cpscas.educacion.navarra.es\/caseda\/wp-json\/wp\/v2\/posts"}],"about":[{"href":"https:\/\/cpscas.educacion.navarra.es\/caseda\/wp-json\/wp\/v2\/types\/post"}],"author":[{"embeddable":true,"href":"https:\/\/cpscas.educacion.navarra.es\/caseda\/wp-json\/wp\/v2\/users\/9"}],"replies":[{"embeddable":true,"href":"https:\/\/cpscas.educacion.navarra.es\/caseda\/wp-json\/wp\/v2\/comments?post=477"}],"version-history":[{"count":4,"href":"https:\/\/cpscas.educacion.navarra.es\/caseda\/wp-json\/wp\/v2\/posts\/477\/revisions"}],"predecessor-version":[{"id":487,"href":"https:\/\/cpscas.educacion.navarra.es\/caseda\/wp-json\/wp\/v2\/posts\/477\/revisions\/487"}],"wp:attachment":[{"href":"https:\/\/cpscas.educacion.navarra.es\/caseda\/wp-json\/wp\/v2\/media?parent=477"}],"wp:term":[{"taxonomy":"category","embeddable":true,"href":"https:\/\/cpscas.educacion.navarra.es\/caseda\/wp-json\/wp\/v2\/categories?post=477"},{"taxonomy":"post_tag","embeddable":true,"href":"https:\/\/cpscas.educacion.navarra.es\/caseda\/wp-json\/wp\/v2\/tags?post=477"}],"curies":[{"name":"wp","href":"https:\/\/api.w.org\/{rel}","templated":true}]}}