{"id":1598,"date":"2019-03-11T09:21:40","date_gmt":"2019-03-11T08:21:40","guid":{"rendered":"http:\/\/cpscas.educacion.navarra.es\/caseda\/?p=1598"},"modified":"2019-05-14T10:00:46","modified_gmt":"2019-05-14T08:00:46","slug":"nos-vamos-a-javier","status":"publish","type":"post","link":"https:\/\/cpscas.educacion.navarra.es\/caseda\/2019\/03\/11\/nos-vamos-a-javier\/","title":{"rendered":"\u00a1NOS VAMOS A JAVIER!"},"content":{"rendered":"\n<p>El domingo d\u00eda 24 nos fuimos a Javier para recrear uno de los libros de Las Cr\u00f3nicas de Narnia, \u00abEl pr\u00edncipe Caspian\u00bb Lo primero que hicimos al llegar. mientras esper\u00e1bamos a nuestros compis de Lumbier fue almorzar, ya que los nervios nos hab\u00edan abierto el apetito. Despu\u00e9s el d\u00eda fue rodado, nos hab\u00edan preparado unos cuantos juegos, bailes y pruebas con los que pasamos la ma\u00f1ana. Sin darnos cuenta lleg\u00f3 la hora de comer, nos sentamos con nuestros nuevos amigos. Para postre&#8230; m\u00e1s juegos.Por la tarde, asistimos a la misa que celebr\u00f3 Abel, el cura m\u00e1s enrollado de Narnia. Para terminar, lo que todos esper\u00e1bamos con impaciencia, la tradicional \u00abbatalla de churros\u00bb. Lo pasamos en grande e hicimos grandes amigos de Lumbier y Aibar.  Esperamos volver pronto a tierras narnianas.<\/p>\n\n\n\n<div class=\"wp-block-image\"><figure class=\"aligncenter\"><a href=\"https:\/\/photos.google.com\/u\/1\/album\/AF1QipN_ZD-iRrMHvt8H59u7soEsWWKfXqHhHKo2xKOGihttps:\/\/photos.google.com\/u\/1\/album\/AF1QipN_ZD-iRrMHvt8H59u7soEsWWKfXqHhHKo2xKOG\"><img loading=\"lazy\" width=\"448\" height=\"336\" src=\"https:\/\/cpscas.educacion.navarra.es\/caseda\/wp-content\/uploads\/sites\/9\/2019\/03\/20190224_144101-1.jpg\" alt=\"\" class=\"wp-image-1602\" srcset=\"https:\/\/cpscas.educacion.navarra.es\/caseda\/wp-content\/uploads\/sites\/9\/2019\/03\/20190224_144101-1.jpg 448w, https:\/\/cpscas.educacion.navarra.es\/caseda\/wp-content\/uploads\/sites\/9\/2019\/03\/20190224_144101-1-300x225.jpg 300w\" sizes=\"(max-width: 448px) 100vw, 448px\" \/><\/a><\/figure><\/div>\n","protected":false},"excerpt":{"rendered":"<p>El domingo d\u00eda 24 nos fuimos a Javier para recrear uno de los libros de Las Cr\u00f3nicas de Narnia, \u00abEl pr\u00edncipe Caspian\u00bb Lo primero que hicimos al llegar. mientras esper\u00e1bamos a nuestros compis de Lumbier fue almorzar, ya que los nervios nos hab\u00edan abierto el apetito. Despu\u00e9s el d\u00eda fue rodado, nos hab\u00edan preparado unos [&hellip;]<\/p>\n","protected":false},"author":9,"featured_media":0,"comment_status":"open","ping_status":"open","sticky":false,"template":"","format":"standard","meta":{"_genesis_hide_title":false,"_genesis_hide_breadcrumbs":false,"_genesis_hide_singular_image":false,"_genesis_hide_footer_widgets":false,"_genesis_custom_body_class":"","_genesis_custom_post_class":"","_genesis_layout":""},"categories":[1],"tags":[],"featured_image_src":null,"featured_image_src_square":null,"author_info":{"display_name":"caseda","author_link":"https:\/\/cpscas.educacion.navarra.es\/caseda\/author\/caseda\/"},"_links":{"self":[{"href":"https:\/\/cpscas.educacion.navarra.es\/caseda\/wp-json\/wp\/v2\/posts\/1598"}],"collection":[{"href":"https:\/\/cpscas.educacion.navarra.es\/caseda\/wp-json\/wp\/v2\/posts"}],"about":[{"href":"https:\/\/cpscas.educacion.navarra.es\/caseda\/wp-json\/wp\/v2\/types\/post"}],"author":[{"embeddable":true,"href":"https:\/\/cpscas.educacion.navarra.es\/caseda\/wp-json\/wp\/v2\/users\/9"}],"replies":[{"embeddable":true,"href":"https:\/\/cpscas.educacion.navarra.es\/caseda\/wp-json\/wp\/v2\/comments?post=1598"}],"version-history":[{"count":8,"href":"https:\/\/cpscas.educacion.navarra.es\/caseda\/wp-json\/wp\/v2\/posts\/1598\/revisions"}],"predecessor-version":[{"id":1619,"href":"https:\/\/cpscas.educacion.navarra.es\/caseda\/wp-json\/wp\/v2\/posts\/1598\/revisions\/1619"}],"wp:attachment":[{"href":"https:\/\/cpscas.educacion.navarra.es\/caseda\/wp-json\/wp\/v2\/media?parent=1598"}],"wp:term":[{"taxonomy":"category","embeddable":true,"href":"https:\/\/cpscas.educacion.navarra.es\/caseda\/wp-json\/wp\/v2\/categories?post=1598"},{"taxonomy":"post_tag","embeddable":true,"href":"https:\/\/cpscas.educacion.navarra.es\/caseda\/wp-json\/wp\/v2\/tags?post=1598"}],"curies":[{"name":"wp","href":"https:\/\/api.w.org\/{rel}","templated":true}]}}