{"id":1351,"date":"2017-10-16T14:39:27","date_gmt":"2017-10-16T12:39:27","guid":{"rendered":"http:\/\/cpscas.educacion.navarra.es\/caseda\/?p=1351"},"modified":"2017-10-16T14:39:27","modified_gmt":"2017-10-16T12:39:27","slug":"dia-de-la-localidad-en-sada","status":"publish","type":"post","link":"https:\/\/cpscas.educacion.navarra.es\/caseda\/2017\/10\/16\/dia-de-la-localidad-en-sada\/","title":{"rendered":"D\u00eda de la localidad en SADA"},"content":{"rendered":"<p>\u00a1Hemos pasado un d\u00eda genial en Sada! No os imagin\u00e1is que recibimiento nos dieron nuestros amigos del cole de Sada. Hechas las presentaciones nos dividimos en dos grupos para conocer un poquito m\u00e1s de este peque\u00f1o pueblo.<\/p>\n<p>Los txikis se fueron a vendimiar y luego bebieron un mosto riqu\u00edsimo.<\/p>\n<p>Los mayores subimos a lo alto del monte hasta la ermita de San Miguel. En mayo, los del pueblo hacen una romer\u00eda hasta esta peque\u00f1a ermita. Las vistas&#8230;. \u00a1espectaculares! Mereci\u00f3 la pena el esfuerzo hasta llegar a lo m\u00e1s alto.<\/p>\n<p>Al volver, cada grupo hizo un peque\u00f1o dibujo(mandala) con los productos que hab\u00eda recogido durante el paseo.<\/p>\n<p>Un d\u00eda muy divertido y productivo<\/p>\n<p><a href=\"https:\/\/photos.app.goo.gl\/4KzTMDncf11AKb6z1\"><img loading=\"lazy\" class=\"aligncenter size-full wp-image-1352\" src=\"https:\/\/cpscas.educacion.navarra.es\/caseda\/wp-content\/uploads\/sites\/9\/2017\/10\/sada.jpg\" alt=\"\" width=\"448\" height=\"253\" srcset=\"https:\/\/cpscas.educacion.navarra.es\/caseda\/wp-content\/uploads\/sites\/9\/2017\/10\/sada.jpg 448w, https:\/\/cpscas.educacion.navarra.es\/caseda\/wp-content\/uploads\/sites\/9\/2017\/10\/sada-300x169.jpg 300w\" sizes=\"(max-width: 448px) 100vw, 448px\" \/><\/a><\/p>\n","protected":false},"excerpt":{"rendered":"<p>\u00a1Hemos pasado un d\u00eda genial en Sada! No os imagin\u00e1is que recibimiento nos dieron nuestros amigos del cole de Sada. Hechas las presentaciones nos dividimos en dos grupos para conocer un poquito m\u00e1s de este peque\u00f1o pueblo. Los txikis se fueron a vendimiar y luego bebieron un mosto riqu\u00edsimo. Los mayores subimos a lo alto [&hellip;]<\/p>\n","protected":false},"author":9,"featured_media":0,"comment_status":"open","ping_status":"open","sticky":false,"template":"","format":"standard","meta":{"_genesis_hide_title":false,"_genesis_hide_breadcrumbs":false,"_genesis_hide_singular_image":false,"_genesis_hide_footer_widgets":false,"_genesis_custom_body_class":"","_genesis_custom_post_class":"","_genesis_layout":""},"categories":[1],"tags":[],"featured_image_src":null,"featured_image_src_square":null,"author_info":{"display_name":"caseda","author_link":"https:\/\/cpscas.educacion.navarra.es\/caseda\/author\/caseda\/"},"_links":{"self":[{"href":"https:\/\/cpscas.educacion.navarra.es\/caseda\/wp-json\/wp\/v2\/posts\/1351"}],"collection":[{"href":"https:\/\/cpscas.educacion.navarra.es\/caseda\/wp-json\/wp\/v2\/posts"}],"about":[{"href":"https:\/\/cpscas.educacion.navarra.es\/caseda\/wp-json\/wp\/v2\/types\/post"}],"author":[{"embeddable":true,"href":"https:\/\/cpscas.educacion.navarra.es\/caseda\/wp-json\/wp\/v2\/users\/9"}],"replies":[{"embeddable":true,"href":"https:\/\/cpscas.educacion.navarra.es\/caseda\/wp-json\/wp\/v2\/comments?post=1351"}],"version-history":[{"count":1,"href":"https:\/\/cpscas.educacion.navarra.es\/caseda\/wp-json\/wp\/v2\/posts\/1351\/revisions"}],"predecessor-version":[{"id":1353,"href":"https:\/\/cpscas.educacion.navarra.es\/caseda\/wp-json\/wp\/v2\/posts\/1351\/revisions\/1353"}],"wp:attachment":[{"href":"https:\/\/cpscas.educacion.navarra.es\/caseda\/wp-json\/wp\/v2\/media?parent=1351"}],"wp:term":[{"taxonomy":"category","embeddable":true,"href":"https:\/\/cpscas.educacion.navarra.es\/caseda\/wp-json\/wp\/v2\/categories?post=1351"},{"taxonomy":"post_tag","embeddable":true,"href":"https:\/\/cpscas.educacion.navarra.es\/caseda\/wp-json\/wp\/v2\/tags?post=1351"}],"curies":[{"name":"wp","href":"https:\/\/api.w.org\/{rel}","templated":true}]}}